{"id":59639,"date":"2017-11-03T00:00:00","date_gmt":"2017-11-03T06:00:00","guid":{"rendered":"https:\/\/dralvarez.com.mx\/larevista\/blog\/reforestacion-urbana-y-responsable-19261"},"modified":"2017-11-03T00:00:00","modified_gmt":"2017-11-03T06:00:00","slug":"reforestacion-urbana-y-responsable-19261","status":"publish","type":"post","link":"https:\/\/dralvarez.com.mx\/larevista\/yucatan\/reforestacion-urbana-y-responsable-19261","title":{"rendered":"Reforestaci\u00f3n urbana y responsable"},"content":{"rendered":"<p>Por Gerardo A. Medina Jaber<\/p>\n<p>La reforestaci\u00f3n urbana, es un factor trascendental en el proceso de amortiguamiento y mitigaci\u00f3n al cambio clim\u00e1tico en las grandes ciudad y zonas urbanas del pa\u00eds; en la actualidad en la ciudad de M\u00e9rida, sufrimos de una severa afectaci\u00f3n de cambio clim\u00e1tico, debido a la zona del mundo donde nos encontramos y a las diferentes afectaciones al entorno por el crecimiento de la mancha urbana. <br \/>A continuaci\u00f3n enlistaremos algunos factores que pueden ayudar a hacer una reforestaci\u00f3n urbana responsable y eficaz:<br \/>1) Planta especies de la regi\u00f3n. <br \/>Gran parte del problema del levantamiento de la carpeta asf\u00e1ltica o las calles, deriva del plantar especies que son invasoras o tra\u00eddas de otras latitudes, que, por las condiciones de suelo de las que provienen, sus ra\u00edces tienen caracter\u00edsticas distintas, y eso genera que, en suelos porosos como el nuestro no puedan desarrollar adecuadamente. <br \/>2) Riego de apoyo.<br \/>Es importante proporcionar riego asistido a nuestros \u00e1rboles, sobre todo en la temporada de secas en el estado, solo que, mucho ojo, el riego debemos hacerlo por la ma\u00f1ana o por la tarde (nunca despu\u00e9s de las 10 de la ma\u00f1ana y antes de las 6 de la tarde) puesto que las altas temperaturas que podemos alcanzar en el estado, pueden hacerle da\u00f1o a la planta y sus ra\u00edces, as\u00ed como tambi\u00e9n es importante que sea con agua fresca y cada tercer d\u00eda.<br \/>3) Podas preventivas.<br \/>Para que un \u00e1rbol quede equilibrado y balanceado, es importante que durante los primero 3 a\u00f1os, realicemos el retiro de ramas bajas que impidan su crecimiento recto, y posterior a este periodo, hacer podas peri\u00f3dicamente buscando dejar equilibrado al ejemplar, esto ayudara a que no exista contrapeso de un lado o de otro y pueda ser un factor de riesgo por derrumbe. <br \/>4) Prevenci\u00f3n de plagas. <br \/>Es importante verificar nuestro arbolito que sea invadido por hormigas o gusanos; si bien nuestro \u00e1rbol ser\u00e1 hogar de algunos de ellos, al momento de notar cualquier tipo de plaga nociva, es importante consultar con cualquier especialista para darle asistencia de sanidad al \u00e1rbol.<br \/>5) Respeta las distancias. <br \/>Todos los arboles deben estar a 3mts. Como m\u00ednimo uno del otro, para asegurar haya un crecimiento adecuado de ellos y a un m\u00ednimo de 2mts. De cualquier tuber\u00eda, claver\u00eda o muro, para evitar pueda generar alguna complicaci\u00f3n al llegar a su etapa adulta. <br \/> #PlantForThePlanetYucat\u00e1n te invita a acudir a tu vivero m\u00e1s cercano para ayudar a que tus parques y jardines sean puntos verdes y zonas frescas. <br \/>Juntos mitiguemos el cambio clim\u00e1tico y ayudemos a tener una ciudad m\u00e1s verde. No olvides seguirnos en las redes sociales para estar informado de todas las acciones que #PlantForThePlanetYucat\u00e1n realizan por este planeta. <br \/>Te invitamos a que nos sigas en nuestra fan page: Plant For The Planet Yucat\u00e1n.<\/p>\n","protected":false},"excerpt":{"rendered":"<p>Tu Rinc\u00f3n ambiental<\/p>\n","protected":false},"author":1018,"featured_media":0,"comment_status":"open","ping_status":"open","sticky":false,"template":"","format":"standard","meta":{"tdm_status":"","tdm_grid_status":"","footnotes":""},"categories":[21],"tags":[],"_links":{"self":[{"href":"https:\/\/dralvarez.com.mx\/larevista\/wp-json\/wp\/v2\/posts\/59639"}],"collection":[{"href":"https:\/\/dralvarez.com.mx\/larevista\/wp-json\/wp\/v2\/posts"}],"about":[{"href":"https:\/\/dralvarez.com.mx\/larevista\/wp-json\/wp\/v2\/types\/post"}],"author":[{"embeddable":true,"href":"https:\/\/dralvarez.com.mx\/larevista\/wp-json\/wp\/v2\/users\/1018"}],"replies":[{"embeddable":true,"href":"https:\/\/dralvarez.com.mx\/larevista\/wp-json\/wp\/v2\/comments?post=59639"}],"version-history":[{"count":0,"href":"https:\/\/dralvarez.com.mx\/larevista\/wp-json\/wp\/v2\/posts\/59639\/revisions"}],"wp:attachment":[{"href":"https:\/\/dralvarez.com.mx\/larevista\/wp-json\/wp\/v2\/media?parent=59639"}],"wp:term":[{"taxonomy":"category","embeddable":true,"href":"https:\/\/dralvarez.com.mx\/larevista\/wp-json\/wp\/v2\/categories?post=59639"},{"taxonomy":"post_tag","embeddable":true,"href":"https:\/\/dralvarez.com.mx\/larevista\/wp-json\/wp\/v2\/tags?post=59639"}],"curies":[{"name":"wp","href":"https:\/\/api.w.org\/{rel}","templated":true}]}}