{"id":59632,"date":"2017-11-03T00:00:00","date_gmt":"2017-11-03T06:00:00","guid":{"rendered":"https:\/\/dralvarez.com.mx\/larevista\/blog\/instalan-altar-de-muerto-en-el-cdc-esperanza-19254"},"modified":"2017-11-03T00:00:00","modified_gmt":"2017-11-03T06:00:00","slug":"instalan-altar-de-muerto-en-el-cdc-esperanza-19254","status":"publish","type":"post","link":"https:\/\/dralvarez.com.mx\/larevista\/compeche\/instalan-altar-de-muerto-en-el-cdc-esperanza-19254","title":{"rendered":"Instalan altar de muerto en el CDC \u201cEsperanza\u201d"},"content":{"rendered":"<\/p>\n<p>Color, ofrendas y tradici\u00f3n fueron los elementos<br \/>\nque sobresalieron en el altar de muertos que colocaron los maestros y alumnos del<br \/>\nCentro de Desarrollo Comunitario (CDC) \u201cEsperanza\u201d, encabezados por la<br \/>\npromotora de la Secretar\u00eda General de Gobierno (SEGOB), Victoria Damas de Aysa,<br \/>\nsum\u00e1ndose al rescate de las celebraciones del D\u00eda de Muertos. En representaci\u00f3n<br \/>\nde la Presidenta del Patronato del DIF Estatal, Christelle Casta\u00f1\u00f3n de Moreno,<br \/>\nasisti\u00f3 la Directora de Desarrollo Familiar y Voluntariado, Sonia Castilla<br \/>\nTrevi\u00f1o.<\/p><\/p>\n","protected":false},"excerpt":{"rendered":"<p>Color, ofrendas y tradici\u00f3n fueron los elementos que sobresalieron en el altar de muertos que colocaron los maestros y alumnos del Centro de Desarroll<\/p>\n","protected":false},"author":1018,"featured_media":0,"comment_status":"open","ping_status":"open","sticky":false,"template":"","format":"standard","meta":{"tdm_status":"","tdm_grid_status":"","footnotes":""},"categories":[27],"tags":[],"_links":{"self":[{"href":"https:\/\/dralvarez.com.mx\/larevista\/wp-json\/wp\/v2\/posts\/59632"}],"collection":[{"href":"https:\/\/dralvarez.com.mx\/larevista\/wp-json\/wp\/v2\/posts"}],"about":[{"href":"https:\/\/dralvarez.com.mx\/larevista\/wp-json\/wp\/v2\/types\/post"}],"author":[{"embeddable":true,"href":"https:\/\/dralvarez.com.mx\/larevista\/wp-json\/wp\/v2\/users\/1018"}],"replies":[{"embeddable":true,"href":"https:\/\/dralvarez.com.mx\/larevista\/wp-json\/wp\/v2\/comments?post=59632"}],"version-history":[{"count":0,"href":"https:\/\/dralvarez.com.mx\/larevista\/wp-json\/wp\/v2\/posts\/59632\/revisions"}],"wp:attachment":[{"href":"https:\/\/dralvarez.com.mx\/larevista\/wp-json\/wp\/v2\/media?parent=59632"}],"wp:term":[{"taxonomy":"category","embeddable":true,"href":"https:\/\/dralvarez.com.mx\/larevista\/wp-json\/wp\/v2\/categories?post=59632"},{"taxonomy":"post_tag","embeddable":true,"href":"https:\/\/dralvarez.com.mx\/larevista\/wp-json\/wp\/v2\/tags?post=59632"}],"curies":[{"name":"wp","href":"https:\/\/api.w.org\/{rel}","templated":true}]}}