{"id":59631,"date":"2017-11-03T00:00:00","date_gmt":"2017-11-03T06:00:00","guid":{"rendered":"https:\/\/dralvarez.com.mx\/larevista\/blog\/instalan-altar-de-muerto-en-el-cdc-lindavista-19253"},"modified":"2017-11-03T00:00:00","modified_gmt":"2017-11-03T06:00:00","slug":"instalan-altar-de-muerto-en-el-cdc-lindavista-19253","status":"publish","type":"post","link":"https:\/\/dralvarez.com.mx\/larevista\/compeche\/instalan-altar-de-muerto-en-el-cdc-lindavista-19253","title":{"rendered":"Instalan altar de muerto en el CDC \u201cLindavista\u201d"},"content":{"rendered":"<p>El Centro de Desarrollo Comunitario (CDC) \u201cLindavista\u201d, que tiene a su cargo el Grupo de Participaci\u00f3n Ciudadana (GPC) de la Jefatura de Oficina de Gobernador, que representa Kathryn Mack de Cetina, llev\u00f3 a cabo la instalaci\u00f3n de un altar de muertos, sum\u00e1ndose a los esfuerzos para salvaguardar las tradiciones y fomentar la convivencia familiar. En representaci\u00f3n de la Presidenta del Patronato del DIF Estatal, Christelle Casta\u00f1\u00f3n de Moreno, la Directora de Desarrollo Familiar y Voluntariado, Sonia Castillo Trevi\u00f1o, felicit\u00f3 a todo el equipo que se coordin\u00f3 para elaborar el altar. Finalmente, acompa\u00f1adas por el director del Instituto de Capacitaci\u00f3n para el Trabajo del Estado de Campeche (ICATCAM), Carlos Ortiz Pi\u00f1era, recorrieron el stand que colocaron las alumnas de los talleres de corte y confecci\u00f3n y tejido.<\/p>\n","protected":false},"excerpt":{"rendered":"<p>El Centro de Desarrollo Comunitario (CDC) \u201cLindavista\u201d, que tiene a su cargo el Grupo de Participaci\u00f3n Ciudadana (GPC) de la Jefatura de Oficina de Go<\/p>\n","protected":false},"author":1018,"featured_media":0,"comment_status":"open","ping_status":"open","sticky":false,"template":"","format":"standard","meta":{"tdm_status":"","tdm_grid_status":"","footnotes":""},"categories":[27],"tags":[],"_links":{"self":[{"href":"https:\/\/dralvarez.com.mx\/larevista\/wp-json\/wp\/v2\/posts\/59631"}],"collection":[{"href":"https:\/\/dralvarez.com.mx\/larevista\/wp-json\/wp\/v2\/posts"}],"about":[{"href":"https:\/\/dralvarez.com.mx\/larevista\/wp-json\/wp\/v2\/types\/post"}],"author":[{"embeddable":true,"href":"https:\/\/dralvarez.com.mx\/larevista\/wp-json\/wp\/v2\/users\/1018"}],"replies":[{"embeddable":true,"href":"https:\/\/dralvarez.com.mx\/larevista\/wp-json\/wp\/v2\/comments?post=59631"}],"version-history":[{"count":0,"href":"https:\/\/dralvarez.com.mx\/larevista\/wp-json\/wp\/v2\/posts\/59631\/revisions"}],"wp:attachment":[{"href":"https:\/\/dralvarez.com.mx\/larevista\/wp-json\/wp\/v2\/media?parent=59631"}],"wp:term":[{"taxonomy":"category","embeddable":true,"href":"https:\/\/dralvarez.com.mx\/larevista\/wp-json\/wp\/v2\/categories?post=59631"},{"taxonomy":"post_tag","embeddable":true,"href":"https:\/\/dralvarez.com.mx\/larevista\/wp-json\/wp\/v2\/tags?post=59631"}],"curies":[{"name":"wp","href":"https:\/\/api.w.org\/{rel}","templated":true}]}}