{"id":59629,"date":"2017-11-03T00:00:00","date_gmt":"2017-11-03T06:00:00","guid":{"rendered":"https:\/\/dralvarez.com.mx\/larevista\/blog\/alcalde-entrega-nombramiento-al-nuevo-titular-de-la-unidad-administrativa-de-medio-ambiente-y-desarrollo-sustentable-19251"},"modified":"2017-11-03T00:00:00","modified_gmt":"2017-11-03T06:00:00","slug":"alcalde-entrega-nombramiento-al-nuevo-titular-de-la-unidad-administrativa-de-medio-ambiente-y-desarrollo-sustentable-19251","status":"publish","type":"post","link":"https:\/\/dralvarez.com.mx\/larevista\/compeche\/alcalde-entrega-nombramiento-al-nuevo-titular-de-la-unidad-administrativa-de-medio-ambiente-y-desarrollo-sustentable-19251","title":{"rendered":"Alcalde entrega nombramiento al nuevo titular de la Unidad Administrativa de Medio Ambiente y Desarrollo Sustentable"},"content":{"rendered":"<p>Al entregar nombramiento como titular de la Unidad Administrativa de Medio Ambiente y Desarrollo Sustentable al Lic. Lucio Galileo Lastra Ortiz, el presidente municipal de Campeche, Edgar Hern\u00e1ndez Hern\u00e1ndez destac\u00f3 la formaci\u00f3n del nuevo titular de la dependencia municipal, quien dar\u00e1 continuidad a los programas en materia de protecci\u00f3n al ambiente en beneficio de los habitantes del municipio.<\/p>\n<p><\/p>\n","protected":false},"excerpt":{"rendered":"<p>Alcalde entrega nombramiento al nuevo titular de la Unidad Administrativa de Medio Ambiente y Desarrollo Sustentable.<\/p>\n","protected":false},"author":1018,"featured_media":0,"comment_status":"open","ping_status":"open","sticky":false,"template":"","format":"standard","meta":{"tdm_status":"","tdm_grid_status":"","footnotes":""},"categories":[27],"tags":[],"_links":{"self":[{"href":"https:\/\/dralvarez.com.mx\/larevista\/wp-json\/wp\/v2\/posts\/59629"}],"collection":[{"href":"https:\/\/dralvarez.com.mx\/larevista\/wp-json\/wp\/v2\/posts"}],"about":[{"href":"https:\/\/dralvarez.com.mx\/larevista\/wp-json\/wp\/v2\/types\/post"}],"author":[{"embeddable":true,"href":"https:\/\/dralvarez.com.mx\/larevista\/wp-json\/wp\/v2\/users\/1018"}],"replies":[{"embeddable":true,"href":"https:\/\/dralvarez.com.mx\/larevista\/wp-json\/wp\/v2\/comments?post=59629"}],"version-history":[{"count":0,"href":"https:\/\/dralvarez.com.mx\/larevista\/wp-json\/wp\/v2\/posts\/59629\/revisions"}],"wp:attachment":[{"href":"https:\/\/dralvarez.com.mx\/larevista\/wp-json\/wp\/v2\/media?parent=59629"}],"wp:term":[{"taxonomy":"category","embeddable":true,"href":"https:\/\/dralvarez.com.mx\/larevista\/wp-json\/wp\/v2\/categories?post=59629"},{"taxonomy":"post_tag","embeddable":true,"href":"https:\/\/dralvarez.com.mx\/larevista\/wp-json\/wp\/v2\/tags?post=59629"}],"curies":[{"name":"wp","href":"https:\/\/api.w.org\/{rel}","templated":true}]}}