{"id":59621,"date":"2017-11-03T00:00:00","date_gmt":"2017-11-03T06:00:00","guid":{"rendered":"https:\/\/dralvarez.com.mx\/larevista\/blog\/falta-de-acta-de-nacimiento-un-problema-en-yucatan-19243"},"modified":"2017-11-03T00:00:00","modified_gmt":"2017-11-03T06:00:00","slug":"falta-de-acta-de-nacimiento-un-problema-en-yucatan-19243","status":"publish","type":"post","link":"https:\/\/dralvarez.com.mx\/larevista\/yucatan\/falta-de-acta-de-nacimiento-un-problema-en-yucatan-19243","title":{"rendered":"Falta de acta de nacimiento, un problema en Yucat\u00e1n"},"content":{"rendered":"<\/p>\n<div>M\u00e9rida, Yucat\u00e1n; 2 de noviembre de 2017 (ACOM).- En los \u00faltimos 2 meses, el Registro Civil de Yucat\u00e1n ha registrado de manera extempor\u00e1nea a unas 3 mil personas en la entidad, aunque a\u00fan existen miles m\u00e1s que no cuentan con una identidad de manera oficial.<\/div>\n<div><\/div>\n<div>Walter Salazar Cano, titular de la dependencia, acept\u00f3 que la falta de un registro y por consiguiente, de un acta de nacimiento es un problema generalizado en Yucat\u00e1n por lo que el Registro Civil emprendi\u00f3 un programa para que los ciudadanos puedan acceder a este documento.<\/div>\n<div><\/div>\n<div>Indic\u00f3 que en \u00faltimas fechas se ha registrado de manera extempor\u00e1nea a ni\u00f1os de 3 meses de nacidos y adultos de hasta 89 a\u00f1os de edad.<\/div>\n<div>Sin embargo, apunt\u00f3 que a\u00fan existe un rezago importante de personas que a\u00fan carecen de identidad.<\/div>\n<div><\/div>\n<div>&#8220;Estimamos que al rededor del 20 por ciento de la poblaci\u00f3n nunca fue registrada al nacer, cantidad que asciende a unas 200 mil personas que no tienen identidad&#8221;, mencion\u00f3.<\/div>\n<div><\/div>\n<div>En ese tenor, apunt\u00f3 que uno de los esfuerzos de la autoridad en la materia, consiste en la apertura de cuatro oficial\u00edas en hospitales, de modo que los beb\u00e9s reci\u00e9n nacidos, salgan con su acta de nacimiento del nosocomio.<\/div>\n<div><\/div>\n<div>Refiri\u00f3 que las personas que no tienen identidad no tienen las mismas oportunidades que otras que si la tienen, pues no pueden obtener herencias, mientras que los adultos laboran de manera informal y sin prestaciones, por carecer de un acta de nacimiento.<\/div><\/p>\n","protected":false},"excerpt":{"rendered":"<p>En dos meses se han registrado de manera extempor\u00e1nea 3 mil personas.<\/p>\n","protected":false},"author":1018,"featured_media":0,"comment_status":"open","ping_status":"open","sticky":false,"template":"","format":"standard","meta":{"tdm_status":"","tdm_grid_status":"","footnotes":""},"categories":[21],"tags":[],"_links":{"self":[{"href":"https:\/\/dralvarez.com.mx\/larevista\/wp-json\/wp\/v2\/posts\/59621"}],"collection":[{"href":"https:\/\/dralvarez.com.mx\/larevista\/wp-json\/wp\/v2\/posts"}],"about":[{"href":"https:\/\/dralvarez.com.mx\/larevista\/wp-json\/wp\/v2\/types\/post"}],"author":[{"embeddable":true,"href":"https:\/\/dralvarez.com.mx\/larevista\/wp-json\/wp\/v2\/users\/1018"}],"replies":[{"embeddable":true,"href":"https:\/\/dralvarez.com.mx\/larevista\/wp-json\/wp\/v2\/comments?post=59621"}],"version-history":[{"count":0,"href":"https:\/\/dralvarez.com.mx\/larevista\/wp-json\/wp\/v2\/posts\/59621\/revisions"}],"wp:attachment":[{"href":"https:\/\/dralvarez.com.mx\/larevista\/wp-json\/wp\/v2\/media?parent=59621"}],"wp:term":[{"taxonomy":"category","embeddable":true,"href":"https:\/\/dralvarez.com.mx\/larevista\/wp-json\/wp\/v2\/categories?post=59621"},{"taxonomy":"post_tag","embeddable":true,"href":"https:\/\/dralvarez.com.mx\/larevista\/wp-json\/wp\/v2\/tags?post=59621"}],"curies":[{"name":"wp","href":"https:\/\/api.w.org\/{rel}","templated":true}]}}