{"id":59613,"date":"2017-11-03T00:00:00","date_gmt":"2017-11-03T06:00:00","guid":{"rendered":"https:\/\/dralvarez.com.mx\/larevista\/blog\/presentan-a-merida-como-referente-de-mejora-regulatoria-en-iberoamerica-19235"},"modified":"2017-11-03T00:00:00","modified_gmt":"2017-11-03T06:00:00","slug":"presentan-a-merida-como-referente-de-mejora-regulatoria-en-iberoamerica-19235","status":"publish","type":"post","link":"https:\/\/dralvarez.com.mx\/larevista\/yucatan\/presentan-a-merida-como-referente-de-mejora-regulatoria-en-iberoamerica-19235","title":{"rendered":"Presentan a M\u00e9rida como referente de Mejora Regulatoria en Iberoam\u00e9rica"},"content":{"rendered":"<\/p>\n<p>Los avances de M\u00e9rida en el \u00e1rea de mejora regulatoria fueron expuestos en el marco de la 39\u00aa Conferencia Nacional de Mejora Regulatoria y del 5to. Encuentro de la Red Latinoamericana y del Caribe de Mejora Regulatoria, que tiene lugar del 30 octubre al 3 de noviembre en el  Municipio de Solidaridad.<\/p>\n<p>El titular de la Comisi\u00f3n Federal de Mejora Regulatoria, Mtro. Mario Emilio Guti\u00e9rrez Caballero y el Dr. Eduardo Sojo Garza-Aldape, catedr\u00e1tico del CIDE y ex presidente del INEGI, invitaron al alcalde Mauricio Vila para compartir el caso de \u00e9xito del Sistema de Apertura R\u00e1pida de Empresas del Ayuntamiento de M\u00e9rida, que actualmente est\u00e1 calificado como el mejor de todo M\u00e9xico con una puntuaci\u00f3n de 98 sobre 100.<\/p>\n<p>El Dr. Sojo Garza-Aldape expuso a expertos asistentes a este foro internacional los avances implementados por la presente administraci\u00f3n del Ayuntamiento de M\u00e9rida,  como  la implementaci\u00f3n de la firma electr\u00f3nica del SAT para la resoluci\u00f3n de tr\u00e1mites 100% en l\u00ednea, la reducci\u00f3n de interacciones con la autoridad municipal pasando de diez a dos, el incremento de giros comerciales de 145 a 337,  homolog\u00e1ndolos al Sistema de Clasificaci\u00f3n Industrial de Am\u00e9rica del Norte (SCIAN), as\u00ed como  la reducci\u00f3n en el tiempo de la obtenci\u00f3n de las licencias de uso de suelo y de funcionamiento municipal.<\/p>\n<p>Durante su intervenci\u00f3n, el Mauricio Vila Dosal destac\u00f3 el compromiso de su administraci\u00f3n para respetar el tiempo y recursos de empresarios y ciudadanos en general, con tr\u00e1mites \u00e1giles y sencillos, que propicien un ambiente favorable para hacer negocios y generar nuevas inversiones, sin comprometer el correcto desarrollo urbano y la calidad de vida de la que gozan los meridanos. <\/p>\n<p>Acompa\u00f1ado de \u00c1lvaro Cetina Puerto, el presidente municipal tambi\u00e9n se reuni\u00f3 con el Dr. Manuel Gerardo Flores Romero, Economista Senior de la OCDE, organismo que trabaja en coordinaci\u00f3n con el Ayuntamiento de M\u00e9rida para implementar las recomendaciones de \u00e9sta organizaci\u00f3n en el \u00e1rea de mejora regulatoria.<\/p>\n<p>Como se ha informado el Observatorio Nacional de Mejora Regulatoria calific\u00f3 a M\u00e9rida como la ciudad el primer lugar a nivel nacional  en simplificaci\u00f3n de tr\u00e1mites e implementaci\u00f3n de la mejora regulatoria.<\/p><\/p>\n","protected":false},"excerpt":{"rendered":"<p>El alcalde Mauricio Vila invitado por expertos para compartir casos de \u00e9xito en un foro internacional.<\/p>\n","protected":false},"author":1018,"featured_media":0,"comment_status":"open","ping_status":"open","sticky":false,"template":"","format":"standard","meta":{"tdm_status":"","tdm_grid_status":"","footnotes":""},"categories":[21],"tags":[],"_links":{"self":[{"href":"https:\/\/dralvarez.com.mx\/larevista\/wp-json\/wp\/v2\/posts\/59613"}],"collection":[{"href":"https:\/\/dralvarez.com.mx\/larevista\/wp-json\/wp\/v2\/posts"}],"about":[{"href":"https:\/\/dralvarez.com.mx\/larevista\/wp-json\/wp\/v2\/types\/post"}],"author":[{"embeddable":true,"href":"https:\/\/dralvarez.com.mx\/larevista\/wp-json\/wp\/v2\/users\/1018"}],"replies":[{"embeddable":true,"href":"https:\/\/dralvarez.com.mx\/larevista\/wp-json\/wp\/v2\/comments?post=59613"}],"version-history":[{"count":0,"href":"https:\/\/dralvarez.com.mx\/larevista\/wp-json\/wp\/v2\/posts\/59613\/revisions"}],"wp:attachment":[{"href":"https:\/\/dralvarez.com.mx\/larevista\/wp-json\/wp\/v2\/media?parent=59613"}],"wp:term":[{"taxonomy":"category","embeddable":true,"href":"https:\/\/dralvarez.com.mx\/larevista\/wp-json\/wp\/v2\/categories?post=59613"},{"taxonomy":"post_tag","embeddable":true,"href":"https:\/\/dralvarez.com.mx\/larevista\/wp-json\/wp\/v2\/tags?post=59613"}],"curies":[{"name":"wp","href":"https:\/\/api.w.org\/{rel}","templated":true}]}}