{"id":59612,"date":"2017-11-03T00:00:00","date_gmt":"2017-11-03T06:00:00","guid":{"rendered":"https:\/\/dralvarez.com.mx\/larevista\/blog\/liborio-vidal-motiva-a-estilistas-para-emprender-19234"},"modified":"2017-11-03T00:00:00","modified_gmt":"2017-11-03T06:00:00","slug":"liborio-vidal-motiva-a-estilistas-para-emprender-19234","status":"publish","type":"post","link":"https:\/\/dralvarez.com.mx\/larevista\/yucatan\/liborio-vidal-motiva-a-estilistas-para-emprender-19234","title":{"rendered":"Liborio Vidal motiva a estilistas para emprender"},"content":{"rendered":"<\/p>\n<p>M\u00e9rida, Yucat\u00e1n, a 2 de noviembre de 2017. \u201cMi meta es tener mi propio sal\u00f3n\u201d, dijo Mar\u00eda Quijano quien tom\u00f3 el curso de colorimetr\u00eda que organiz\u00f3 Liborio Vidal Aguilar con el prop\u00f3sito de promover el autoempleo y la superaci\u00f3n al brindar nuevas herramientas para quienes se dedican a esta actividad.<\/p>\n<p>Entre los presentes hubo quien tiene su propio sal\u00f3n de belleza, otros trabajan en est\u00e9ticas y algunos m\u00e1s en su propia casa o realizando visitas a domicilio para maquillaje, peinado, cortes de cabello o tintes.<\/p>\n<p>\u201cTrabajaba en una est\u00e9tica grande, pero el sueldo no me alcanzaba porque tengo gastos con mis hijos, as\u00ed que comenc\u00e9 a atender gente en mi casa, en mis d\u00edas libres, hasta que me di cuenta que me estaba yendo mejor porque cada d\u00eda me conoce m\u00e1s gente y me buscan, as\u00ed que renunci\u00e9 y estoy comenzando mi propio negocio, chiquito pero alg\u00fan d\u00eda tendr\u00e9 mi propia est\u00e9tica\u201d, manifest\u00f3 la estilista.<\/p>\n<p>M\u00e1s de 300 personas se dieron cita para aprender las t\u00e9cnicas m\u00e1s actuales en aplicaci\u00f3n de tintes y las nuevas tendencias en aplicaci\u00f3n de tonos de fantas\u00eda, del t\u00e9cnico Valent\u00edn Baas, quien eligi\u00f3 a algunos modelos de entre los presentes para realizarles el cambio de imagen.<\/p>\n<p>En su mensaje, Liborio Vidal comparti\u00f3 con los asistentes su experiencia como emprendedor, destac\u00f3 la importancia de mantenerse enfocados en los objetivos, buscar las estrategias que les permitir\u00e1n incrementar su n\u00famero de clientes y ampliar sus negocios.<\/p>\n<p>\u201cVengo a ponerme a sus \u00f3rdenes, me da mucho gusto que quieran prepararse, especializarse y que quieran sacar adelante a sus familias, me llena de \u00e1nimo ver la fortaleza que tienen, el valor y el empuje para seguir adelante y c\u00f3mo buscan innovar para mantenerse a la vanguardia de lo que est\u00e1 de moda en su \u00e1rea\u201d, manifest\u00f3 Vidal Aguilar.<\/p><\/p>\n","protected":false},"excerpt":{"rendered":"<p>\u201cMi meta es tener mi propio sal\u00f3n\u201d.<\/p>\n","protected":false},"author":1018,"featured_media":0,"comment_status":"open","ping_status":"open","sticky":false,"template":"","format":"standard","meta":{"tdm_status":"","tdm_grid_status":"","footnotes":""},"categories":[21],"tags":[],"_links":{"self":[{"href":"https:\/\/dralvarez.com.mx\/larevista\/wp-json\/wp\/v2\/posts\/59612"}],"collection":[{"href":"https:\/\/dralvarez.com.mx\/larevista\/wp-json\/wp\/v2\/posts"}],"about":[{"href":"https:\/\/dralvarez.com.mx\/larevista\/wp-json\/wp\/v2\/types\/post"}],"author":[{"embeddable":true,"href":"https:\/\/dralvarez.com.mx\/larevista\/wp-json\/wp\/v2\/users\/1018"}],"replies":[{"embeddable":true,"href":"https:\/\/dralvarez.com.mx\/larevista\/wp-json\/wp\/v2\/comments?post=59612"}],"version-history":[{"count":0,"href":"https:\/\/dralvarez.com.mx\/larevista\/wp-json\/wp\/v2\/posts\/59612\/revisions"}],"wp:attachment":[{"href":"https:\/\/dralvarez.com.mx\/larevista\/wp-json\/wp\/v2\/media?parent=59612"}],"wp:term":[{"taxonomy":"category","embeddable":true,"href":"https:\/\/dralvarez.com.mx\/larevista\/wp-json\/wp\/v2\/categories?post=59612"},{"taxonomy":"post_tag","embeddable":true,"href":"https:\/\/dralvarez.com.mx\/larevista\/wp-json\/wp\/v2\/tags?post=59612"}],"curies":[{"name":"wp","href":"https:\/\/api.w.org\/{rel}","templated":true}]}}