{"id":59611,"date":"2017-11-03T00:00:00","date_gmt":"2017-11-03T06:00:00","guid":{"rendered":"https:\/\/dralvarez.com.mx\/larevista\/blog\/historico-intercambio-comercial-entre-yucatan-y-cuba-19233"},"modified":"2017-11-03T00:00:00","modified_gmt":"2017-11-03T06:00:00","slug":"historico-intercambio-comercial-entre-yucatan-y-cuba-19233","status":"publish","type":"post","link":"https:\/\/dralvarez.com.mx\/larevista\/yucatan\/historico-intercambio-comercial-entre-yucatan-y-cuba-19233","title":{"rendered":"Hist\u00f3rico intercambio comercial entre Yucat\u00e1n y Cuba"},"content":{"rendered":"<\/p>\n<p>La Feria Internacional de La Habana es uno de los principales espacios para la creaci\u00f3n de alianzas comerciales entre empresas yucatecas y Cuba.<\/p>\n<p>Cada a\u00f1o desde 2012 el Gobernador del Estado, Rolando Zapata Bello ha participado activamente en el pabell\u00f3n que nuestro pa\u00eds instala en la isla caribe\u00f1a durante este evento internacional, promoviendo los bienes y servicios que Yucat\u00e1n tiene para ofrecer.<\/p>\n<p>Y a partir del relanzamiento de las relaciones entre M\u00e9xico y Cuba, realizado en Yucat\u00e1n entre los presidentes Enrique Pe\u00f1a Nieto y Ra\u00fal Castro Ruz en noviembre de 2015, se fortaleci\u00f3 la oportunidad de estrechar a\u00fan m\u00e1s los lazos comerciales entre nuestra entidad y la isla caribe\u00f1a.<\/p>\n<p>Durante la inauguraci\u00f3n de este a\u00f1o, el Gobernador Rolando Zapata Bello destac\u00f3 que esta participaci\u00f3n activa ha permitido a empresas e instituciones yucatecas consolidar oportunidades como el Primer Foro de Negocios Tur\u00edstico M\u00e9xico-Cuba, organizado por las m\u00e1s importantes C\u00e1maras Comerciales y de Servicios de nuestro estado y del pa\u00eds, as\u00ed como el establecimiento de un Puente de Carga A\u00e9reo Yucat\u00e1n-Cuba, a partir de un convenio firmado en la edici\u00f3n 2016 de esta Feria Internacional de La Habana.<\/p>\n<p>Los resultados son hist\u00f3ricos: durante 2012, Yucat\u00e1n export\u00f3 mercanc\u00edas en mil 143 contenedores a Cuba. En 2017, hasta este octubre, la cifra superaba los 2 mil 401 contenedores, un incremento del 110% en menos de cinco a\u00f1os, con una estimaci\u00f3n de 120% de avance al concluir el a\u00f1o.<\/p>\n<p>Tan s\u00f3lo entre 2016 y 2017 el cambio ya es destacable, pues el n\u00famero de contenedores se ha incrementado 60% el \u00faltimo a\u00f1o, al pasar de mil 508 a los ya mencionados 2 mil 401.<\/p>\n<p>Este incremento en el n\u00famero de contenedores puede ser atribuido no solamente a la creciente cantidad de productos exportados a la isla caribe\u00f1a, sino tambi\u00e9n a la diversidad de estos productos.<\/p>\n<p>En 2015, se inici\u00f3 la exportaci\u00f3n a Cuba de mercanc\u00edas como pinturas y barnices, jab\u00f3n y manufacturas de pl\u00e1stico, y este a\u00f1o inici\u00f3 la exportaci\u00f3n de envases de aluminio y cajas de cart\u00f3n de Yucat\u00e1n a Cuba.<u><\/u><u><\/u><\/p>\n<p>En su conjunto, estas dos mercanc\u00edas -envases de aluminio y cajas de cart\u00f3n- representan ya el 30% de todas las operaciones de exportaci\u00f3n realizadas de nuestro estado a los puertos cubanos.<\/p>\n<p>El segundo producto m\u00e1s exportado a Cuba es el alimento para cerdo, seguido del alimento para camar\u00f3n, que en su conjunto representan el 20% de las operaciones totales. Entre 2012 y 2017, el n\u00famero de toneladas de exportaci\u00f3n de estos productos pas\u00f3 de 14 mil toneladas a m\u00e1s de 30 mil, un crecimiento del 114%.<\/p>\n<p>Tambi\u00e9n tienen una participaci\u00f3n importante en la exportaci\u00f3n productos como el cemento, los refrescos embotellados y enlatados, pegazulejo y aceite, entre otros, lo que nos muestra que una gran cantidad de giros comerciales yucatecos tienen un potencial de exportaci\u00f3n hacia Cuba.<\/p>\n<p>En total, se estima que el a\u00f1o 2017 cerrar\u00e1 con m\u00e1s de 725 operaciones de exportaci\u00f3n, comparadas a las 590 con las que cerr\u00f3 el a\u00f1o pasado.<\/p>\n<p>Los funcionarios de los gobiernos nacionales mexicano y cubano reconocieron y agradecieron la labor del Gobernador Rolando Zapata, destacando que su cercan\u00eda y compromiso para buscar nuevas oportunidades en las relaciones comerciales Yucat\u00e1n-Cuba han permitido este incremento hist\u00f3rico en el intercambio.<\/p>\n<p>Estamos siendo testigos de c\u00f3mo los lazos de uni\u00f3n y hermandad entre nuestras dos naciones se fortalecen con la creaci\u00f3n de v\u00ednculos comerciales duraderos e importantes para Yucat\u00e1n y para Cuba, un fortalecimiento impulsado sin duda gracias a la participaci\u00f3n que Rolando Zapata Bello ha tenido cada a\u00f1o en la Feria Internacional de La Habana.<\/p><\/p>\n","protected":false},"excerpt":{"rendered":"<p>En menos de cinco a\u00f1os, se ha duplicado el n\u00famero de contenedores de exportaci\u00f3n hacia la isla.<\/p>\n","protected":false},"author":1018,"featured_media":0,"comment_status":"open","ping_status":"open","sticky":false,"template":"","format":"standard","meta":{"tdm_status":"","tdm_grid_status":"","footnotes":""},"categories":[21],"tags":[],"_links":{"self":[{"href":"https:\/\/dralvarez.com.mx\/larevista\/wp-json\/wp\/v2\/posts\/59611"}],"collection":[{"href":"https:\/\/dralvarez.com.mx\/larevista\/wp-json\/wp\/v2\/posts"}],"about":[{"href":"https:\/\/dralvarez.com.mx\/larevista\/wp-json\/wp\/v2\/types\/post"}],"author":[{"embeddable":true,"href":"https:\/\/dralvarez.com.mx\/larevista\/wp-json\/wp\/v2\/users\/1018"}],"replies":[{"embeddable":true,"href":"https:\/\/dralvarez.com.mx\/larevista\/wp-json\/wp\/v2\/comments?post=59611"}],"version-history":[{"count":0,"href":"https:\/\/dralvarez.com.mx\/larevista\/wp-json\/wp\/v2\/posts\/59611\/revisions"}],"wp:attachment":[{"href":"https:\/\/dralvarez.com.mx\/larevista\/wp-json\/wp\/v2\/media?parent=59611"}],"wp:term":[{"taxonomy":"category","embeddable":true,"href":"https:\/\/dralvarez.com.mx\/larevista\/wp-json\/wp\/v2\/categories?post=59611"},{"taxonomy":"post_tag","embeddable":true,"href":"https:\/\/dralvarez.com.mx\/larevista\/wp-json\/wp\/v2\/tags?post=59611"}],"curies":[{"name":"wp","href":"https:\/\/api.w.org\/{rel}","templated":true}]}}