{"id":59609,"date":"2017-11-03T00:00:00","date_gmt":"2017-11-03T06:00:00","guid":{"rendered":"https:\/\/dralvarez.com.mx\/larevista\/blog\/canaco-merida-sera-sede-de-reunion-de-certificacion-del-chile-habanero-19231"},"modified":"2017-11-03T00:00:00","modified_gmt":"2017-11-03T06:00:00","slug":"canaco-merida-sera-sede-de-reunion-de-certificacion-del-chile-habanero-19231","status":"publish","type":"post","link":"https:\/\/dralvarez.com.mx\/larevista\/yucatan\/canaco-merida-sera-sede-de-reunion-de-certificacion-del-chile-habanero-19231","title":{"rendered":"Canaco M\u00e9rida ser\u00e1 sede de reuni\u00f3n de certificaci\u00f3n del chile habanero"},"content":{"rendered":"<\/p>\n<p>Empresarios productores, comercializadores<br \/>\ny agroindustriales del chile habanero sostendr\u00e1n en la sede de la C\u00e1mara<br \/>\nNacional de Comercio, Servicios y Turismo (CANACO SERVYTUR) de M\u00e9rida, una<br \/>\nreuni\u00f3n el pr\u00f3ximo 9 de noviembre con representantes de la Entidad Mexicana de<br \/>\nAcreditaci\u00f3n (EMA) para conocer las ventajas de contar con la certificaci\u00f3n de<br \/>\nla denominaci\u00f3n de origen de ese producto.<\/p>\n<p>El presidente de la CANACO de M\u00e9rida,<br \/>\nJuan Jos\u00e9 Abraham Daguer, explic\u00f3 que con esta iniciativa se pretende aumentar<br \/>\nla atracci\u00f3n de inversi\u00f3n en la pen\u00ednsula en ese rubro y fortalecer la marca<br \/>\ndel chile habanero en el mercado mundial, situaci\u00f3n que beneficiar\u00e1 a los<br \/>\nproductores y empresarios locales de ese sector, al delimitarse la competencia.<\/p>\n<p>El objetivo de la acreditaci\u00f3n,<br \/>\nse\u00f1al\u00f3, es garantizar la autenticidad del chile habanero y evitar que<br \/>\nsu nombre sea usado en otras partes del pa\u00eds o el mundo, situaci\u00f3n que ser\u00e1 de<br \/>\ngran beneficio para los productores de Yucat\u00e1n, y de la Pen\u00ednsula en general.<\/p>\n<p>En esta reuni\u00f3n, indic\u00f3, se dar\u00e1n a<br \/>\nconocer las bases y requisitos para lograr la certificaci\u00f3n, de su denominaci\u00f3n<br \/>\nde origen que ostenta desde hace cinco a\u00f1os.<\/p>\n<p>Abraham Daguer asegur\u00f3 que con la<br \/>\nacreditaci\u00f3n del chile habanero se permitir\u00e1 limitar la competencia, porque<br \/>\ns\u00f3lo podr\u00e1 tener el nombre de chile habanero el que se cultiva en la<br \/>\nregi\u00f3n y todo aquello que se elabora a partir del picante como materia prima<br \/>\ntendr\u00e1 que ser procesado en la zona.<\/p>\n<p>Sobre la reuni\u00f3n del pr\u00f3ximo 9 de<br \/>\nnoviembre, en la CANACO M\u00e9rida, el l\u00edder empresarial precis\u00f3 que se contar\u00e1 con<br \/>\nla presencia la Directora Ejecutiva de la Entidad Mexicana de Acreditaci\u00f3n<br \/>\n(EMA), Isabel L\u00f3pez Mart\u00ednez, organismo que trabaja en coordinaci\u00f3n la<br \/>\nSecretar\u00eda de Turismo federal y la Confederaci\u00f3n de C\u00e1maras Nacionales de<br \/>\nComercio del pa\u00eds para llevar a cabo la certificaci\u00f3n de diversos productos en<br \/>\ntodo el territorio nacional.<\/p>\n<p>Las reuniones se llevar\u00e1n por zonas y<br \/>\nen los estados donde hay productos con denominaci\u00f3n de origen, con el fin de<br \/>\nque refrenden ese cumplimiento de la Norma Oficial Mexicana (NOM), al mismo<br \/>\ntiempo que puedan comprobar que su producto cumple los requisitos para obtener<br \/>\nla certificaci\u00f3n que emite la EMA.<\/p>\n<p>Juan Jos\u00e9 Abraham puntualiz\u00f3 que en el<br \/>\ncaso de Yucat\u00e1n, el chile habanero tiene la denominaci\u00f3n de origen<br \/>\nPeninsular, de ah\u00ed que se buscar\u00e1 que tenga la certificaci\u00f3n, y para lo cual se<br \/>\ntendr\u00e1 que sostener reuniones de trabajo con autoridades y productores de<br \/>\nCampeche, Quintana Roo y Yucat\u00e1n, para definir si ser\u00e1 chile habanero de<br \/>\nYucat\u00e1n o chile habanero peninsular.<\/p><\/p>\n","protected":false},"excerpt":{"rendered":"<p>Se contar\u00e1 con la presencia de representantes de la Entidad Mexicana de Acreditaci\u00f3n (EMA), Secretar\u00eda de Turismo federal y de la CONCANACO.<\/p>\n","protected":false},"author":1018,"featured_media":0,"comment_status":"open","ping_status":"open","sticky":false,"template":"","format":"standard","meta":{"tdm_status":"","tdm_grid_status":"","footnotes":""},"categories":[21],"tags":[],"_links":{"self":[{"href":"https:\/\/dralvarez.com.mx\/larevista\/wp-json\/wp\/v2\/posts\/59609"}],"collection":[{"href":"https:\/\/dralvarez.com.mx\/larevista\/wp-json\/wp\/v2\/posts"}],"about":[{"href":"https:\/\/dralvarez.com.mx\/larevista\/wp-json\/wp\/v2\/types\/post"}],"author":[{"embeddable":true,"href":"https:\/\/dralvarez.com.mx\/larevista\/wp-json\/wp\/v2\/users\/1018"}],"replies":[{"embeddable":true,"href":"https:\/\/dralvarez.com.mx\/larevista\/wp-json\/wp\/v2\/comments?post=59609"}],"version-history":[{"count":0,"href":"https:\/\/dralvarez.com.mx\/larevista\/wp-json\/wp\/v2\/posts\/59609\/revisions"}],"wp:attachment":[{"href":"https:\/\/dralvarez.com.mx\/larevista\/wp-json\/wp\/v2\/media?parent=59609"}],"wp:term":[{"taxonomy":"category","embeddable":true,"href":"https:\/\/dralvarez.com.mx\/larevista\/wp-json\/wp\/v2\/categories?post=59609"},{"taxonomy":"post_tag","embeddable":true,"href":"https:\/\/dralvarez.com.mx\/larevista\/wp-json\/wp\/v2\/tags?post=59609"}],"curies":[{"name":"wp","href":"https:\/\/api.w.org\/{rel}","templated":true}]}}