{"id":59605,"date":"2017-11-03T00:00:00","date_gmt":"2017-11-03T06:00:00","guid":{"rendered":"https:\/\/dralvarez.com.mx\/larevista\/blog\/programa-social-de-ramirez-marin-llega-a-mas-de-50-mil-yucatecos-19227"},"modified":"2017-11-03T00:00:00","modified_gmt":"2017-11-03T06:00:00","slug":"programa-social-de-ramirez-marin-llega-a-mas-de-50-mil-yucatecos-19227","status":"publish","type":"post","link":"https:\/\/dralvarez.com.mx\/larevista\/yucatan\/programa-social-de-ramirez-marin-llega-a-mas-de-50-mil-yucatecos-19227","title":{"rendered":"Programa social de Ram\u00edrez Mar\u00edn llega a m\u00e1s de 50 mil yucatecos"},"content":{"rendered":"<\/p>\n<p>Un programa social que naci\u00f3 en las colonias de M\u00e9rida, las Jornadas #SeTratadeTi que impulsa el diputado federal Jorge Carlos Ram\u00edrez Mar\u00edn, se extiende a los municipios del interior del Estado para llevar diversos servicios, que incluye detecci\u00f3n de diabetes e hipertensi\u00f3n, orientaci\u00f3n nutricional, asesor\u00eda jur\u00eddica y atenci\u00f3n psicol\u00f3gica, entre otros.<\/p>\n<p>La participaci\u00f3n de amigos y de una red de voluntarios, entre los que hay m\u00e9dicos, abogados, psic\u00f3logos y nutri\u00f3logos, ha sido clave para realizar las Jornadas, que se organizan los s\u00e1bados en los parques de las colonias y ahora en las cabeceras municipales. El programa ha llegado a m\u00e1s de 50 mil yucatecos.<\/p>\n<p>#SeTratadeTi no s\u00f3lo ofrece atenci\u00f3n m\u00e9dica y odontol\u00f3gica, orientaci\u00f3n nutricional, asesor\u00eda jur\u00eddica y servicios de psicolog\u00eda, sino tambi\u00e9n cortes de pelo y actividades recreativas para los ni\u00f1os, como shows infantiles y los domos digitales para promover la ense\u00f1anza de las matem\u00e1ticas, el ingrediente educativo del &nbsp;programa.<\/p>\n<p>En el caso de M\u00e9rida incluye tambi\u00e9n el proyecto &#8220;Sinergia Mid&#8221;, dedicado a promover la educaci\u00f3n saludable y el emprendimiento entre las mujeres por medio de talleres de capacitaci\u00f3n, a fin de impulsar su superaci\u00f3n.<\/p>\n<p>&#8220;La importancia de este programa es atender las necesidades de la poblaci\u00f3n, llevarles entretenimiento y &nbsp;propiciar la convivencia familiar y comunitaria. Tambi\u00e9n para escuchar sus inquietudes y establecer un v\u00ednculo de comunicaci\u00f3n directa con su diputado&#8221;, afirma Ram\u00edrez Mar\u00edn.<\/p>\n<p>&#8220;Escuchamos de todo, desde cuestiones personales hasta problemas con los servicios p\u00fablicos, demanda de empleo, mayor seguridad y solicitudes de parques, calles y escuelas, entre otros. Se cumple el objetivo de estar cerca de los ciudadanos y canalizar sus inquietudes, que no es m\u00e1s que parte de nuestra tarea de gesti\u00f3n social&#8221;, subraya el legislador yucateco.<\/p>\n<p>En las reuniones, Ram\u00edrez Mar\u00edn ha puesto \u00e9nfasis en su contribuci\u00f3n como legislador para impulsar la generaci\u00f3n de empleos y la mejora en los ingresos en los hogares yucatecos, la importancia de la superaci\u00f3n de las mujeres y su propuesta de cero j\u00f3venes en las calles, brind\u00e1ndoles oportunidades de educaci\u00f3n, capacitaci\u00f3n, actividades recreativas, deportivas y culturales.<\/p>\n<p>En esos espacios promueve programas como el de &#8220;Amas de Casa con Prepa en L\u00ednea&#8221;, para invitar a las madres de familia a terminar su bachillerato, a fin de encontrar mejores oportunidades de empleo o mejorar sus ingresos.<\/p>\n<p>Asimismo, el diputado ha recalcado la importancia del cuidado de la salud y de la sana alimentaci\u00f3n, igual que la pr\u00e1ctica del deporte y la activaci\u00f3n f\u00edsica, para abatir las enfermedades y evitar gastos que afecten la econom\u00eda de las familias.<\/p>\n<p>En M\u00e9rida, las Jornadas #SeTrataseTi, que son totalmente gratuitas, se han realizado en colonias y fraccionamientos como Pacabt\u00fan, Fidel Vel\u00e1zquez, Pol\u00edgono 108, Vergel II, San Antonio Xluch, Amalia Sol\u00f3rzano, Juan Pablo II, San Nicol\u00e1s del Sur, Boj\u00f3rquez, Melit\u00f3n Salazar, San Jos\u00e9 Vergel, Santa Rosa, Plan de Ayala Sur, Manuel Crescencio Rej\u00f3n, Lourdes Industrial, Vicente Sol\u00eds, Tixcacal Opich\u00e9n y Manzana 115, entre otros.<\/p>\n<p>En el interior del Estado, en los municipios de Peto, Tzucacab, Ticul, Acanceh, Tecoh, Baca y Telchac Pueblo y pr\u00f3ximamente llegar\u00e1 a Tekax, Oxkutzcab y Abal\u00e1, en respuesta a las solicitudes que ha recibido la Oficina de Enlace del diputado.<\/p>\n<p>Un aspecto importante es que en el interior del Estado colaboran voluntarios que viven en los municipios o trabajan en esas zonas y donan su tiempo los s\u00e1bados para participar en las Jornadas. Se trata de un programa que ha tenido \u00e9xito y sigue generando demanda en m\u00e1s colonias de M\u00e9rida y en otros municipios.<\/p><\/p>\n","protected":false},"excerpt":{"rendered":"<p>Las Jornadas #SeTratadeTi se extiende a los municipios.<br \/>\nUna red de voluntarios ofrece diversos servicios.<\/p>\n","protected":false},"author":1018,"featured_media":0,"comment_status":"open","ping_status":"open","sticky":false,"template":"","format":"standard","meta":{"tdm_status":"","tdm_grid_status":"","footnotes":""},"categories":[21],"tags":[],"_links":{"self":[{"href":"https:\/\/dralvarez.com.mx\/larevista\/wp-json\/wp\/v2\/posts\/59605"}],"collection":[{"href":"https:\/\/dralvarez.com.mx\/larevista\/wp-json\/wp\/v2\/posts"}],"about":[{"href":"https:\/\/dralvarez.com.mx\/larevista\/wp-json\/wp\/v2\/types\/post"}],"author":[{"embeddable":true,"href":"https:\/\/dralvarez.com.mx\/larevista\/wp-json\/wp\/v2\/users\/1018"}],"replies":[{"embeddable":true,"href":"https:\/\/dralvarez.com.mx\/larevista\/wp-json\/wp\/v2\/comments?post=59605"}],"version-history":[{"count":0,"href":"https:\/\/dralvarez.com.mx\/larevista\/wp-json\/wp\/v2\/posts\/59605\/revisions"}],"wp:attachment":[{"href":"https:\/\/dralvarez.com.mx\/larevista\/wp-json\/wp\/v2\/media?parent=59605"}],"wp:term":[{"taxonomy":"category","embeddable":true,"href":"https:\/\/dralvarez.com.mx\/larevista\/wp-json\/wp\/v2\/categories?post=59605"},{"taxonomy":"post_tag","embeddable":true,"href":"https:\/\/dralvarez.com.mx\/larevista\/wp-json\/wp\/v2\/tags?post=59605"}],"curies":[{"name":"wp","href":"https:\/\/api.w.org\/{rel}","templated":true}]}}