{"id":59599,"date":"2017-11-03T00:00:00","date_gmt":"2017-11-03T06:00:00","guid":{"rendered":"https:\/\/dralvarez.com.mx\/larevista\/blog\/empaques-yucatecos-se-posicionan-en-cuba-19221"},"modified":"2017-11-03T00:00:00","modified_gmt":"2017-11-03T06:00:00","slug":"empaques-yucatecos-se-posicionan-en-cuba-19221","status":"publish","type":"post","link":"https:\/\/dralvarez.com.mx\/larevista\/yucatan\/empaques-yucatecos-se-posicionan-en-cuba-19221","title":{"rendered":"Empaques yucatecos se posicionan en Cuba"},"content":{"rendered":"<p><b><i>El escritor Antonio del Conde, invitado especial en reuni\u00f3n bilateral.<br \/>\n<\/i><\/b><br \/>\n<\/p>\n<\/p>\n<p>La Habana, Cuba, 1 de noviembre 2017.- Las empresas yucatecas que abastecen al mercado cubano contin\u00faan expandi\u00e9ndose en diversos sectores del comercio, como Empaques Nova, que surte de cajas de cart\u00f3n a diversas compa\u00f1\u00edas como la industria cervecera de la isla.<u><\/u><u><\/u><\/p>\n<p>Durante su estancia en La Habana, el Gobernador Rolando Zapata Bello y su esposa Sarita Blancarte de Zapata ofrecieron una cena en la residencia del embajador de M\u00e9xico en ese pa\u00eds antillano, Enrique Mart\u00ednez y Mart\u00ednez, con representantes consulares de seis naciones, empresarios y constructores yucatecos. Como invitado especial, estuvo el escritor mexicano Antonio del Conde, el Cuate.<u><\/u><u><\/u><\/p>\n<p>Entre las 40 firmas de la entidad que participan en la Feria Internacional de La Habana, figura Empaques Nova, de Pablo Xacur Jorge, que inici\u00f3 operaciones en M\u00e9rida con 400 empleados para satisfacer los requerimientos de embalaje de cart\u00f3n corrugado en la regi\u00f3n.<u><\/u><u><\/u><\/p>\n<p>El director de la compa\u00f1\u00eda, Ulises Pedroza, explic\u00f3 que se han posicionado como la primera papelera del sureste sin depender de proveedores del norte y centro del pa\u00eds, al agregar valor a productos de desecho urbano que se iban a otros estados.<u><\/u><u><\/u><\/p>\n<p>Asimismo, expuso que la productora de empaques permitir\u00e1 que marcas de otras zonas se instalen en Yucat\u00e1n y encuentren el complemento de sus industrias sin traer embalajes de otras latitudes, con lo que se evitan costos adicionales por transportaci\u00f3n y log\u00edstica.<u><\/u><u><\/u><\/p>\n<p>Ante el ministro de Comercio Exterior e Inversi\u00f3n Extranjera de Cuba, Rodrigo Malmierca D\u00edaz, Mart\u00ednez y Mart\u00ednez indic\u00f3 que se trabaja estrechamente con las autoridades de comercio de la isla para impulsar las relaciones entre empresarios de ambas naciones.<u><\/u><u><\/u><\/p>\n<p>Como parte del recorrido, Zapata Bello atestigu\u00f3 el apoyo que ofreci\u00f3 la firma yucateca Paragua de la Pen\u00ednsula, que dirige Rub\u00e9n Peniche P\u00e9rez, a porcicultores cubanos afectados por el hurac\u00e1n Irma, los cuales recibieron 30 toneladas de alimento para cerdo que les ayudar\u00e1n a recuperarse de los da\u00f1os.<u><\/u><u><\/u><\/p>\n<p>En el pabell\u00f3n de M\u00e9xico, participan con espacios instalados exprofeso la Hidrogenadora Yucateca, salsas de chile El Yucateco, Ecosolutions, Expomayab, Passsa y Paragua de la Pen\u00ednsula, adem\u00e1s de representantes de Air Temp, maquinaria agr\u00edcola Fris Steel, Vidrios y Espejos MX, y Rumol de M\u00e9xico.<u><\/u><u><\/u><\/p>\n<p>De igual manera, Procomex, Nea Industrias Ambientales, GPI de M\u00e9xico, Maya Shuttle, El Niplito, Bomssa, Puertas y Ventanas del Sureste, Galletas Dond\u00e9, Nutrigo e integrantes de la delegaci\u00f3n en la entidad de la C\u00e1mara Mexicana de la Industria de la Construcci\u00f3n (CMIC).<u><\/u><u><\/u><\/p>\n<p>A la cena, en la que Yucat\u00e1n ofreci\u00f3 pibes, queso de bola, sopa de lima, panuchos y salbutes, acudieron el presidente de la C\u00e1mara de Comercio de Cuba, Orlando Hern\u00e1ndez, y el representante de ProCuba, Roberto Verner.<u><\/u><u><\/u><\/p>\n<p>Tambi\u00e9n, los embajadores H\u00e9ctor Espinosa, de Costa Rica; Lancelot Cowie, de Trinidad y Tobago; Sandra Geraldine Alvarado, de El Salvador; Bernardino Cano, de Paraguay; Ernesto Mario Pfirter, de Argentina, y Lars Jonas Lov\u00e9n, de Suecia.<\/p><\/p>\n","protected":false},"excerpt":{"rendered":"<p>El escritor Antonio del Conde, invitado especial en reuni\u00f3n bilateral.<\/p>\n","protected":false},"author":1018,"featured_media":0,"comment_status":"open","ping_status":"open","sticky":false,"template":"","format":"standard","meta":{"tdm_status":"","tdm_grid_status":"","footnotes":""},"categories":[21],"tags":[],"_links":{"self":[{"href":"https:\/\/dralvarez.com.mx\/larevista\/wp-json\/wp\/v2\/posts\/59599"}],"collection":[{"href":"https:\/\/dralvarez.com.mx\/larevista\/wp-json\/wp\/v2\/posts"}],"about":[{"href":"https:\/\/dralvarez.com.mx\/larevista\/wp-json\/wp\/v2\/types\/post"}],"author":[{"embeddable":true,"href":"https:\/\/dralvarez.com.mx\/larevista\/wp-json\/wp\/v2\/users\/1018"}],"replies":[{"embeddable":true,"href":"https:\/\/dralvarez.com.mx\/larevista\/wp-json\/wp\/v2\/comments?post=59599"}],"version-history":[{"count":0,"href":"https:\/\/dralvarez.com.mx\/larevista\/wp-json\/wp\/v2\/posts\/59599\/revisions"}],"wp:attachment":[{"href":"https:\/\/dralvarez.com.mx\/larevista\/wp-json\/wp\/v2\/media?parent=59599"}],"wp:term":[{"taxonomy":"category","embeddable":true,"href":"https:\/\/dralvarez.com.mx\/larevista\/wp-json\/wp\/v2\/categories?post=59599"},{"taxonomy":"post_tag","embeddable":true,"href":"https:\/\/dralvarez.com.mx\/larevista\/wp-json\/wp\/v2\/tags?post=59599"}],"curies":[{"name":"wp","href":"https:\/\/api.w.org\/{rel}","templated":true}]}}