{"id":59593,"date":"2017-10-27T00:00:00","date_gmt":"2017-10-27T06:00:00","guid":{"rendered":"https:\/\/dralvarez.com.mx\/larevista\/blog\/ayuntamiento-de-campeche-19214"},"modified":"2017-10-27T00:00:00","modified_gmt":"2017-10-27T06:00:00","slug":"ayuntamiento-de-campeche-19214","status":"publish","type":"post","link":"https:\/\/dralvarez.com.mx\/larevista\/compeche\/ayuntamiento-de-campeche-19214","title":{"rendered":"Ayuntamiento de Campeche"},"content":{"rendered":"<p>No puede haber ni progreso ni transformaci\u00f3n <br \/>donde  prevalece la corrupci\u00f3n, puntualiz\u00f3 <br \/>Edgar Hern\u00e1ndez Hern\u00e1ndez,<br \/> Primer Edil de San Francisco de Campeche.<\/p>\n<p>Al inaugurar las Conferencias y Talleres de Fortalecimiento del Subsistema Municipal de Control y Evaluaci\u00f3n de la Gesti\u00f3n P\u00fablica y Colaboraci\u00f3n en Materia de Transparencia y Combate a la Corrupci\u00f3n, el alcalde de Campeche, Edgar Hern\u00e1ndez Hern\u00e1ndez refrend\u00f3 su compromiso con la transparencia, la honestidad y la rendici\u00f3n de cuentas y afirm\u00f3 que la transparencia debe ser un aliado para legitimar el actuar de la autoridad y recuperar la credibilidad y la confianza de la gente.<br \/>En el acto, la titular de la Secretar\u00eda de la Contralor\u00eda estatal, Laura Luna Garc\u00eda, agradeci\u00f3 la colaboraci\u00f3n de las autoridades municipales para llevar a cabo el acuerdo espec\u00edfico de colaboraci\u00f3n y la realizaci\u00f3n de las conferencias y talleres.<br \/>Acompa\u00f1ado de la titular de la Secretar\u00eda de la Contralor\u00eda del Gobierno del Estado, Laura Luna Garc\u00eda, as\u00ed como de las titulares de Administraci\u00f3n y Calidad y de la Contralor\u00eda Municipal, Roc\u00edo Cruz Carillo e Ileana Richaud Santiesteban, respectivamente, el Presidente Municipal de Campeche destac\u00f3 la importancia de los cursos inaugurados, pues as\u00ed se concreta en hechos y no s\u00f3lo en buenos prop\u00f3sitos el acuerdo con la SECONT estatal.<br \/>\u201cHoy, m\u00e1s que una pol\u00edtica p\u00fablica, la prevenci\u00f3n, detecci\u00f3n y sanci\u00f3n de responsabilidades administrativas y hechos de corrupci\u00f3n es un mandato constitucional, previsto en el Art\u00edculo 113 de nuestra Carta Magna Federal\u201d, subray\u00f3 en su mensaje ante servidores p\u00fablicos municipales.<br \/>Destac\u00f3 que lejos quedaron los tiempos en que las autoridades suscrib\u00edan acuerdos que se guardaban en el archivero, \u201choy, hoy se cumplen a la letra del compromiso contra\u00eddo y eso nos ha permitido una eficaz coordinaci\u00f3n de acciones que siguiendo la pol\u00edtica del gobernador Alejandro Moreno C\u00e1rdenas nos permiten conformar un solo equipo para la transformaci\u00f3n del estado y crecer en grande\u201d.<br \/>Hern\u00e1ndez Hern\u00e1ndez se dijo convencido de que no puede haber ni progreso ni transformaci\u00f3n alguna donde prevalece la corrupci\u00f3n, la falta de transparencia y una disimulada rendici\u00f3n de cuentas.<br \/>\u201cRecurrir a la carencia de recursos para no rendir cuentas o rendirlas a medias ya no es v\u00e1lido. Tenemos la convicci\u00f3n de que la transparencia no es s\u00f3lo publicar cuentas sino socializarlo todo y que la informaci\u00f3n sea accesible para que cualquier ciudadano sepa en qu\u00e9 se gasta el dinero p\u00fablico\u201d, sostuvo.<br \/>\u201cHoy eso es una exigencia, los servidores p\u00fablicos, sean estatales, federales, y muy especialmente municipales, debemos convertir la transparencia en un aliado, no en un enemigo, para as\u00ed legitimar el actuar de la autoridad y recuperar la credibilidad y la confianza de la gente\u201d, signific\u00f3.<\/p>\n","protected":false},"excerpt":{"rendered":"<p>Alcalde refrenda compromiso con la rendici\u00f3n de cuentas<\/p>\n","protected":false},"author":1018,"featured_media":0,"comment_status":"open","ping_status":"open","sticky":false,"template":"","format":"standard","meta":{"tdm_status":"","tdm_grid_status":"","footnotes":""},"categories":[27],"tags":[],"_links":{"self":[{"href":"https:\/\/dralvarez.com.mx\/larevista\/wp-json\/wp\/v2\/posts\/59593"}],"collection":[{"href":"https:\/\/dralvarez.com.mx\/larevista\/wp-json\/wp\/v2\/posts"}],"about":[{"href":"https:\/\/dralvarez.com.mx\/larevista\/wp-json\/wp\/v2\/types\/post"}],"author":[{"embeddable":true,"href":"https:\/\/dralvarez.com.mx\/larevista\/wp-json\/wp\/v2\/users\/1018"}],"replies":[{"embeddable":true,"href":"https:\/\/dralvarez.com.mx\/larevista\/wp-json\/wp\/v2\/comments?post=59593"}],"version-history":[{"count":0,"href":"https:\/\/dralvarez.com.mx\/larevista\/wp-json\/wp\/v2\/posts\/59593\/revisions"}],"wp:attachment":[{"href":"https:\/\/dralvarez.com.mx\/larevista\/wp-json\/wp\/v2\/media?parent=59593"}],"wp:term":[{"taxonomy":"category","embeddable":true,"href":"https:\/\/dralvarez.com.mx\/larevista\/wp-json\/wp\/v2\/categories?post=59593"},{"taxonomy":"post_tag","embeddable":true,"href":"https:\/\/dralvarez.com.mx\/larevista\/wp-json\/wp\/v2\/tags?post=59593"}],"curies":[{"name":"wp","href":"https:\/\/api.w.org\/{rel}","templated":true}]}}