{"id":59592,"date":"2017-10-27T00:00:00","date_gmt":"2017-10-27T06:00:00","guid":{"rendered":"https:\/\/dralvarez.com.mx\/larevista\/blog\/rehabilitan-infraestructura-escolar-19213"},"modified":"2017-10-27T00:00:00","modified_gmt":"2017-10-27T06:00:00","slug":"rehabilitan-infraestructura-escolar-19213","status":"publish","type":"post","link":"https:\/\/dralvarez.com.mx\/larevista\/yucatan\/rehabilitan-infraestructura-escolar-19213","title":{"rendered":"Rehabilitan infraestructura escolar"},"content":{"rendered":"<p>Especial \/ La Revista <\/p>\n<p>Con una importante inversi\u00f3n del programa Escuelas al CIEN y el Fondo Concursable de Educaci\u00f3n Media Superior, dos planteles del municipio de Espita fueron rehabilitados, ampliados y mejorados para que m\u00e1s de 600 alumnos tengan una educaci\u00f3n de calidad a trav\u00e9s de la infraestructura. <br \/>Al entregar las obras en el Centro de Atenci\u00f3n M\u00faltiple n\u00famero 22, el secretario de Educaci\u00f3n del Estado, V\u00edctor Caballero Dur\u00e1n, se\u00f1al\u00f3 que el Gobierno tiene la obligaci\u00f3n de llevar la ense\u00f1anza a todos lados, no obstante su mayor compromiso es con la calidad de \u00e9sta, la cual va desde maestros comprometidos y preparados hasta contar con espacios adecuados para el aprendizaje de los estudiantes. <br \/>&#8220;Lo importante es que estas instalaciones sirvan para que los ni\u00f1os y ni\u00f1as reciban una buena formaci\u00f3n. Al final del d\u00eda lo que queremos es que estos ni\u00f1os sean felices y tengan oportunidades para que el d\u00eda de ma\u00f1ana puedan enfrentar la vida en las mejores condiciones&#8221;, mencion\u00f3. <br \/>Con un recurso superior al mill\u00f3n de pesos se realiz\u00f3 el cambio de puertas, ventanas, l\u00e1mparas y ventiladores, se coloc\u00f3 protectores de herrer\u00eda, se repararon las salidas el\u00e9ctricas y se pint\u00f3 todo el edificio. <br \/>Asimismo, se construy\u00f3 un domo de 93 metros cuadrados en un espacio de usos m\u00faltiples, se edificaron andadores para su acceso y se coloc\u00f3 piso de concreto en el \u00e1rea. En la zona de sanitarios se cambiaron muebles de ba\u00f1o y se hizo una nueva meseta para los lavabos. <br \/>Acompa\u00f1ado del presidente municipal de dicha demarcaci\u00f3n, Marcelino Canul Canul, el titular de la Secretar\u00eda de Educaci\u00f3n estatal acudi\u00f3 al Colegio de Estudios Cient\u00edficos y Tecnol\u00f3gicos para inaugurar el domo de la plaza c\u00edvica y un edificio administrativo.<br \/>Al compartir palabras de agradecimiento, la alumna del primer semestre Marifer Mej\u00eda Baak expres\u00f3 su emoci\u00f3n por recibir la techumbre que les permitir\u00e1 realizar actividades deportivas, art\u00edsticas y culturales. Tambi\u00e9n, hizo hincapi\u00e9 en la nuevas oficinas, que entre sus funciones estar\u00e1 resguardar  toda la documentaci\u00f3n de los alumnos que se genera a\u00f1o con a\u00f1o.<br \/> M\u00e1s de nueve millones 800 mil pesos fueron invertidos para la construcci\u00f3n del domo, que cubre una superficie de 680 metros cuadrados y la edificaci\u00f3n y equipamiento del \u00e1rea administrativa del plantel.<br \/> &#8220;No vean este domo s\u00f3lo como algo que nos protege del sol y la lluvia, porque es m\u00e1s que eso. Esto tambi\u00e9n es una herramienta que les permitir\u00e1 mejorar la calidad en sus aprendizajes y decidir si Espita, Yucat\u00e1n y M\u00e9xico avanzan, depender\u00e1 de ustedes que est\u00e1 sociedad sea cada vez mejor&#8221;, puntualiz\u00f3 Caballero Dur\u00e1n.<\/p>\n","protected":false},"excerpt":{"rendered":"<p>con inversi\u00f3n de m\u00e1s de 10 mdp en Espita<\/p>\n","protected":false},"author":1018,"featured_media":0,"comment_status":"open","ping_status":"open","sticky":false,"template":"","format":"standard","meta":{"tdm_status":"","tdm_grid_status":"","footnotes":""},"categories":[21],"tags":[],"_links":{"self":[{"href":"https:\/\/dralvarez.com.mx\/larevista\/wp-json\/wp\/v2\/posts\/59592"}],"collection":[{"href":"https:\/\/dralvarez.com.mx\/larevista\/wp-json\/wp\/v2\/posts"}],"about":[{"href":"https:\/\/dralvarez.com.mx\/larevista\/wp-json\/wp\/v2\/types\/post"}],"author":[{"embeddable":true,"href":"https:\/\/dralvarez.com.mx\/larevista\/wp-json\/wp\/v2\/users\/1018"}],"replies":[{"embeddable":true,"href":"https:\/\/dralvarez.com.mx\/larevista\/wp-json\/wp\/v2\/comments?post=59592"}],"version-history":[{"count":0,"href":"https:\/\/dralvarez.com.mx\/larevista\/wp-json\/wp\/v2\/posts\/59592\/revisions"}],"wp:attachment":[{"href":"https:\/\/dralvarez.com.mx\/larevista\/wp-json\/wp\/v2\/media?parent=59592"}],"wp:term":[{"taxonomy":"category","embeddable":true,"href":"https:\/\/dralvarez.com.mx\/larevista\/wp-json\/wp\/v2\/categories?post=59592"},{"taxonomy":"post_tag","embeddable":true,"href":"https:\/\/dralvarez.com.mx\/larevista\/wp-json\/wp\/v2\/tags?post=59592"}],"curies":[{"name":"wp","href":"https:\/\/api.w.org\/{rel}","templated":true}]}}