{"id":59591,"date":"2017-10-27T00:00:00","date_gmt":"2017-10-27T06:00:00","guid":{"rendered":"https:\/\/dralvarez.com.mx\/larevista\/blog\/gobierno-de-campeche-19210"},"modified":"2017-10-27T00:00:00","modified_gmt":"2017-10-27T06:00:00","slug":"gobierno-de-campeche-19210","status":"publish","type":"post","link":"https:\/\/dralvarez.com.mx\/larevista\/compeche\/gobierno-de-campeche-19210","title":{"rendered":"GOBIERNO DE CAMPECHE"},"content":{"rendered":"<p>Con la aportaci\u00f3n del trabajo en conjunto de las diversas instancias p\u00fablicas y privadas, en Campeche se ha hecho un esfuerzo sin precedentes en materia de salud, lo que pr\u00e1cticamente garantiza a toda la poblaci\u00f3n estatal el acceso a los servicios m\u00e9dicos, asegur\u00f3 el gobernador Alejandro Moreno C\u00e1rdenas al encabezar la celebraci\u00f3n del D\u00eda del M\u00e9dico y hacer entrega a 11 galenos del M\u00e9rito M\u00e9dico 2017.<\/p>\n<p>Reunido en el Centro de Convenciones y Exposiciones \u201cCampeche XXI\u201d, con unos 300 doctores, destac\u00f3 el alcance que ha tenido en el estado el programa Seguro M\u00e9dico Siglo XXI, pues m\u00e1s de 47 mil ni\u00f1os menores de cinco a\u00f1os est\u00e1n totalmente protegidos y reciben cuidados de salud en su primera etapa de vida.<\/p>\n<p>Coment\u00f3 que durante su administraci\u00f3n se ha fortalecido el trabajo en equipo para modernizar y mejorar los servicios de salud, por lo que a la fecha se cuenta con una s\u00f3lida infraestructura hospitalaria conformada por 347 unidades m\u00e9dicas, 831 consultorios y mil 106 camas censables y 660 no censables.<\/p>\n<p>Asimismo, agreg\u00f3, est\u00e1n en servicio m\u00e1s de 128 ambulancias, 27 laboratorios cl\u00ednicos y 26 gabinetes radiol\u00f3gicos, donde laboran mil 265 m\u00e9dicos y mil 806 enfermeras.<\/p>\n<p>Moreno C\u00e1rdenas, expuso que el Sistema Estatal de Salud P\u00fablica cubre a m\u00e1s de 500 mil campechanos mediante el Seguro Popular, en tanto, el resto de la poblaci\u00f3n es atendida por diversas instituciones federales y por los servicios privados, con lo que pr\u00e1cticamente toda la poblaci\u00f3n del estado tiene acceso a la atenci\u00f3n m\u00e9dica.<\/p>\n<p>Subray\u00f3 que en el primer semestre de este a\u00f1o, a trav\u00e9s de los servicios estatales de salud, se brindaron m\u00e1s de 222 mil consultas m\u00e9dicas.<\/p>\n<p>Acompa\u00f1ado del titular de la secretaria de Salud, \u00c1lvaro Arceo Ortiz, as\u00ed como de los delegados del IMSS e ISSSTE, Rafael Rodr\u00edguez Cabrera y Carlos Enrique Cervera Rodr\u00edguez, respectivamente, puntualiz\u00f3 que el sector ha dado pasos importantes para tener servicios de salud de primera, al tiempo que reconoci\u00f3 a los trabajadores del ramo, tanto p\u00fablico como privado, por prestar servicios de tiempo completo, pensando siempre en mejorar la calidad de vida de los campechanos.<\/p>\n<p>De igual forma, Moreno C\u00e1rdenas reconoci\u00f3 a m\u00e9dicos, enfermeras y socorristas de todas las instituciones como el IMSS, ISSSTE, Marina, Cruz Roja, Indesalud y DIF, que ayudaron a toda la gente que se vio afectada por los terremotos del 7 y 19 de septiembre.<\/p>\n<p>Por su parte, el secretario de Salud, \u00c1lvaro Arceo Ortiz, signific\u00f3 que trabajando en equipo durante estos dos primeros dos a\u00f1os de la administraci\u00f3n estatal, Campeche se reposicion\u00f3 en el primer sitio a nivel nacional en vacunaci\u00f3n universal.<\/p>\n<p>Antes, Moreno C\u00e1rdenas entreg\u00f3 el M\u00e9rito M\u00e9dico 2017, en reconocimiento a su vocaci\u00f3n de servicio e investigaci\u00f3n en salud, a los doctores Antonio Pellicer Torres, Martha Elideth Puentes M\u00e9ndez, Silvia Esther Rodr\u00edguez Vargas, Diana Sansores Ambrosio, Luis Zapata May, Carmen Hern\u00e1ndez Cruz, Erick C\u00fa Pensab\u00e9, Guadalupe del Pilar Palomo Arroyo, Jos\u00e9 Luis Novelo del Valle, Salvador Zamorano Sol\u00eds y Juan Jalomo Camacho.<\/p>\n<p>Tambi\u00e9n asisti\u00f3 el presidente del Colegio de M\u00e9dicos de Campeche, Jos\u00e9 Mart\u00edn Dur\u00e1n Rosado; la secretaria general de la secci\u00f3n 47 del Sindicato Nacional de Trabajadores de la Secretar\u00eda de Salud, Martha Albores Avenda\u00f1o, y el comisionado Estatal de Arbitraje M\u00e9dico, Alberto Ruiz Rodr\u00edguez.<\/p>\n<p>Campeche, referente nacional<br \/>en libertad, paz y armon\u00eda<\/p>\n<p>Por otra parte, indicadores del Sistema Nacional de Seguridad P\u00fablica (SNSP) y de diversos organismos ciudadanos ubican de nueva cuenta a Campeche con la menor incidencia delictiva del pa\u00eds, por lo que se mantiene como el estado referente a nivel nacional en libertad, paz y armon\u00eda, sostuvo el gobernador Alejandro Moreno C\u00e1rdenas al inaugurar, en presencia del secretario general de la Confederaci\u00f3n de Trabajadores de M\u00e9xico (CTM), Carlos Aceves del Olmo, la LXXIV Asamblea General Ordinaria del Consejo Nacional del Sindicato Industrial de Trabajadores y Artistas de Televisi\u00f3n y Radio, Similares y Conexos de la Rep\u00fablica Mexicana (Sitatyr).<\/p>\n<p>Asever\u00f3 que el ambiente de paz y tranquilidad que hay en el estado es resultado del esfuerzo de la sociedad y del gobierno. \u201cHoy Campeche es el estado, por cada cien mil habitantes, con la menor incidencia delictiva del pa\u00eds; no lo dice el gobernador, lo dicen las estad\u00edsticas y las cifras del Sistema Nacional de Seguridad, del Observatorio Ciudadano, del IMCO y muchas otras organizaciones, y eso es posible por el trabajo comprometido de todos y cada uno de los campechanos\u201d, recalc\u00f3.<\/p>\n<p>Moreno C\u00e1rdenas, ante delegados de todo el pa\u00eds del organismo sindical, ratific\u00f3 su compromiso de cumplirle a la gente y de impulsar metas grandes para que se consolide el crecimiento y desarrollo en el estado.<\/p>\n<p>Agreg\u00f3 que hay que pasar de la propuesta a la realidad y construir todos los d\u00edas con firmeza, porque est\u00e1n en juego los momentos m\u00e1s importantes para M\u00e9xico y las futuras generaciones. <\/p>\n<p>Hizo un reconocimiento al Sitatyr por ser pilar en la construcci\u00f3n del M\u00e9xico moderno, y a la CTM porque desde sus or\u00edgenes ha sido un sector fundamental para el pa\u00eds, encabezando con liderazgo claro, real y genuino, la representaci\u00f3n de los trabajadores.<\/p>\n<p>El secretario general de la CTM, Carlos Aceves del Olmo, por su parte, extern\u00f3 su reconocimiento a las obras y acciones que el gobierno de Alejandro Moreno realiza en beneficio de la poblaci\u00f3n campechana. <\/p>\n<p>En su mensaje, se\u00f1al\u00f3 que en el pr\u00f3ximo n\u00famero de la revista de la CTM, estar\u00e1 en la portada la visita que hoy realizaron a Campeche los delegados durante su LXXIV asamblea, adem\u00e1s, en su contenido se encontrar\u00e1 el discurso del mandatario campechano para ponerlo de ejemplo de c\u00f3mo se deben hacer las cosas en un gobierno.<\/p>\n","protected":false},"excerpt":{"rendered":"<p>Garantizado el acceso a los servicios de salud<br \/>\npara los campechanos: Alejandro Moreno<\/p>\n","protected":false},"author":1018,"featured_media":0,"comment_status":"open","ping_status":"open","sticky":false,"template":"","format":"standard","meta":{"tdm_status":"","tdm_grid_status":"","footnotes":""},"categories":[27],"tags":[],"_links":{"self":[{"href":"https:\/\/dralvarez.com.mx\/larevista\/wp-json\/wp\/v2\/posts\/59591"}],"collection":[{"href":"https:\/\/dralvarez.com.mx\/larevista\/wp-json\/wp\/v2\/posts"}],"about":[{"href":"https:\/\/dralvarez.com.mx\/larevista\/wp-json\/wp\/v2\/types\/post"}],"author":[{"embeddable":true,"href":"https:\/\/dralvarez.com.mx\/larevista\/wp-json\/wp\/v2\/users\/1018"}],"replies":[{"embeddable":true,"href":"https:\/\/dralvarez.com.mx\/larevista\/wp-json\/wp\/v2\/comments?post=59591"}],"version-history":[{"count":0,"href":"https:\/\/dralvarez.com.mx\/larevista\/wp-json\/wp\/v2\/posts\/59591\/revisions"}],"wp:attachment":[{"href":"https:\/\/dralvarez.com.mx\/larevista\/wp-json\/wp\/v2\/media?parent=59591"}],"wp:term":[{"taxonomy":"category","embeddable":true,"href":"https:\/\/dralvarez.com.mx\/larevista\/wp-json\/wp\/v2\/categories?post=59591"},{"taxonomy":"post_tag","embeddable":true,"href":"https:\/\/dralvarez.com.mx\/larevista\/wp-json\/wp\/v2\/tags?post=59591"}],"curies":[{"name":"wp","href":"https:\/\/api.w.org\/{rel}","templated":true}]}}