{"id":59589,"date":"2017-10-27T00:00:00","date_gmt":"2017-10-27T06:00:00","guid":{"rendered":"https:\/\/dralvarez.com.mx\/larevista\/blog\/trabajo-coordinado-de-escudo-yucatan-en-oxkutzcab-19208"},"modified":"2017-10-27T00:00:00","modified_gmt":"2017-10-27T06:00:00","slug":"trabajo-coordinado-de-escudo-yucatan-en-oxkutzcab-19208","status":"publish","type":"post","link":"https:\/\/dralvarez.com.mx\/larevista\/yucatan\/trabajo-coordinado-de-escudo-yucatan-en-oxkutzcab-19208","title":{"rendered":"Trabajo coordinado de Escudo Yucat\u00e1n, en Oxkutzcab"},"content":{"rendered":"<\/p>\n<p>Oxkutzcab, Yucat\u00e1n, 27 de octubre de 2017.- A trav\u00e9s de un trabajo coordinado entre instancias estatales, legislativas y municipales, as\u00ed como representantes de la sociedad civil, se realizar\u00e1n acciones de Escudo Yucat\u00e1n en este municipio para prevenir el delito y atender temas de drogadicci\u00f3n y alcoholismo, principalmente con los j\u00f3venes.<\/p>\n<p>El titular de la Secretar\u00eda General de Gobierno (SGG), Roberto Rodr\u00edguez Asaf, encabez\u00f3 una reuni\u00f3n en la que, a trav\u00e9s de micr\u00f3fono abierto, dialogaron funcionarios y miembros de diferentes sectores de la sociedad civil de la &#8220;Huerta de Yucat\u00e1n&#8221;, con el objetivo de saber qu\u00e9 estrategias se necesitan para reforzar la seguridad en la demarcaci\u00f3n.<\/p>\n<p>Ante el alcalde anfitri\u00f3n, Ra\u00fal Romero Chel, sostuvo que para mantener la entidad como una de las m\u00e1s seguras del pa\u00eds, todos deben enfocarse en su responsabilidad, adem\u00e1s de generar en la poblaci\u00f3n el inter\u00e9s de estar pendiente del actuar de las autoridades.<\/p>\n<p>\u201cSi queremos cambiar y que las cosas se hagan correctamente, cada quien debe tomar su espacio de responsabilidad; necesitamos que los ciudadanos inviertan tiempo y esfuerzo en cuidar su estado, trabajar desde nuestras casas para lograr estar en un estado seguro\u201d, destac\u00f3 ante la subsecretaria de Prevenci\u00f3n y Seguridad P\u00fablica, Martha G\u00f3ngora S\u00e1nchez.<\/p>\n<p>En su intervenci\u00f3n, el diputado local del XII distrito, Marco Vela Reyes, extern\u00f3 que &#8220;los ejercicios de comunicaci\u00f3n entre las autoridades y la ciudadan\u00eda hacen que se fortalezcan los lazos de colaboraci\u00f3n y se mejoran las condiciones sociales de las comunidades&#8221;.<\/p>\n<p>Durante el di\u00e1logo abierto, Rodr\u00edguez Asaf dijo que la labor es reforzar a la Polic\u00eda municipal con capacitaci\u00f3n, equipamiento y comunicaci\u00f3n encriptada con las fuerzas estatales, adem\u00e1s de motivar a la gente a crear m\u00e1s comit\u00e9s vecinales para reforzar la vigilancia.<\/p>\n<p>En la reuni\u00f3n, que dur\u00f3 m\u00e1s de dos horas, se acord\u00f3 llevar a la demarcaci\u00f3n pl\u00e1ticas informativas para que la poblaci\u00f3n conozca los procesos que permiten una denuncia \u00e1gil, acciones de Escudo Yucat\u00e1n en las unidades de riego y ganado para evitar robos que afecten a los productores, y la intervenci\u00f3n del Centro Estatal de Prevenci\u00f3n Social del Delito y Participaci\u00f3n Ciudadana (Cepredey).<\/p>\n<p>Por su parte, representantes de unidades productivas, directores de escuelas, y l\u00edderes campesinos, empresariales y religiosos expresaron a las autoridades los retos que tiene Oxkutzcab para mejorar la seguridad y la manera en que ellos se pueden sumar a esta estrategia para lograr un ambiente de paz en todo el territorio.<\/p>\n<p>Participaron los directores del Instituto de Desarrollo Regional y Municipal (Inderm), Jos\u00e9 Luis Novelo Ayuso, y del Cepredey, Gabriel Barrag\u00e1n Casares, adem\u00e1s de Geovani Herrera, quien acudi\u00f3 a nombre del diputado federal Felipe Cervera Hern\u00e1ndez.<\/p><\/p>\n","protected":false},"excerpt":{"rendered":"<p>Autoridades y sociedad se suman a la estrategia para prevenir el delito.<\/p>\n","protected":false},"author":1018,"featured_media":0,"comment_status":"open","ping_status":"open","sticky":false,"template":"","format":"standard","meta":{"tdm_status":"","tdm_grid_status":"","footnotes":""},"categories":[21],"tags":[],"_links":{"self":[{"href":"https:\/\/dralvarez.com.mx\/larevista\/wp-json\/wp\/v2\/posts\/59589"}],"collection":[{"href":"https:\/\/dralvarez.com.mx\/larevista\/wp-json\/wp\/v2\/posts"}],"about":[{"href":"https:\/\/dralvarez.com.mx\/larevista\/wp-json\/wp\/v2\/types\/post"}],"author":[{"embeddable":true,"href":"https:\/\/dralvarez.com.mx\/larevista\/wp-json\/wp\/v2\/users\/1018"}],"replies":[{"embeddable":true,"href":"https:\/\/dralvarez.com.mx\/larevista\/wp-json\/wp\/v2\/comments?post=59589"}],"version-history":[{"count":0,"href":"https:\/\/dralvarez.com.mx\/larevista\/wp-json\/wp\/v2\/posts\/59589\/revisions"}],"wp:attachment":[{"href":"https:\/\/dralvarez.com.mx\/larevista\/wp-json\/wp\/v2\/media?parent=59589"}],"wp:term":[{"taxonomy":"category","embeddable":true,"href":"https:\/\/dralvarez.com.mx\/larevista\/wp-json\/wp\/v2\/categories?post=59589"},{"taxonomy":"post_tag","embeddable":true,"href":"https:\/\/dralvarez.com.mx\/larevista\/wp-json\/wp\/v2\/tags?post=59589"}],"curies":[{"name":"wp","href":"https:\/\/api.w.org\/{rel}","templated":true}]}}