{"id":59586,"date":"2017-10-27T00:00:00","date_gmt":"2017-10-27T06:00:00","guid":{"rendered":"https:\/\/dralvarez.com.mx\/larevista\/blog\/congreso-19205"},"modified":"2017-10-27T00:00:00","modified_gmt":"2017-10-27T06:00:00","slug":"congreso-19205","status":"publish","type":"post","link":"https:\/\/dralvarez.com.mx\/larevista\/yucatan\/congreso-19205","title":{"rendered":"Congreso"},"content":{"rendered":"<p>El uso responsable de las redes sociales se convierte en prioridad, porque es un hecho que la adicci\u00f3n a estas herramientas se puede traducir  en problemas que entran en el campo de la salud p\u00fablica o para quienes hacen mal uso de ellas incluso en delitos de materia penal, por lo que se debe prevenir y crear conciencia en lo positivo de su uso, afirm\u00f3 la diputada Celia Rivas Rodr\u00edguez.<br \/>Durante su participaci\u00f3n en la mesa panel \u201cAdicci\u00f3n a las redes sociales un nuevo reto a la salud p\u00fablica\u201d en la que tomaron parte el periodista Jos\u00e9 Luis Preciado y el psiquiatra, Arsenio Rosado Franco, en el marco del X Aniversario del Colegio de Salud P\u00fablica de Yucat\u00e1n, la legisladora abord\u00f3 el tema con base en casos y experiencias recabadas durante su paso por diversos cargos p\u00fablicos.<br \/>\u201cSe regulan conductas, no las redes; es decir, a pesar de que Internet no se encuentra regulado, las conductas sociales s\u00ed est\u00e1n contempladas en la Ley, por lo que hace falta hacer conciencia sobre la importancia de la denuncia para que la autoridad pueda actuar en todos estos casos\u201d.<br \/>En ese sentido, record\u00f3 que existe la Polic\u00eda Cibern\u00e9tica, tanto a nivel estatal como aquella dependiente de la Polic\u00eda Federal, por lo que insisti\u00f3 en que es importante \u201cpromover en escuelas y en los hogares cu\u00e1les deben ser las conductas adecuadas de los menores y de todos en las redes sociales\u201d.<br \/>A nivel nacional, ya hubo esbozos para legislar sobre el tema, lo que ha generado pol\u00e9mica partiendo de la base de la libertad de expresi\u00f3n; no obstante, es un hecho que en la actualidad existen mecanismos para que las personas respondan por acciones que puedan generar hechos fuera de la ley, indic\u00f3.<br \/>Rivas Rodr\u00edguez, detall\u00f3 que con base en experiencias vividas durante su paso como Procuradora de la Defensa del Menor y la Familia, por la Fiscal\u00eda General del Estado y ahora por el Congreso del Estado, es un hecho que a pesar de que se trata de espacios muy buenos para la libertad de expresi\u00f3n y para la creatividad de los individuos, no podemos pensar que aquello que est\u00e1 en las redes sociales no repercute en nuestra vida cotidiana o no afecta a nuestra persona.<br \/>Ante m\u00e9dicos de diversas especialidades que se dieron cita al Auditorio \u201cManuel Cepeda Peraza\u201d de la Universidad Aut\u00f3noma de Yucat\u00e1n (UADY), subray\u00f3 que la importancia social del buen uso de las redes ah\u00ed est\u00e1,  es parte del mundo globalizado en el que vivimos, herramientas que nos permiten informarnos al momento de lo que sucede pr\u00e1cticamente en cualquier parte del mundo.<br \/>\u201cMuchos j\u00f3venes y adultos, con el af\u00e1n de buscar empat\u00eda y aceptaci\u00f3n de la gente a trav\u00e9s de las redes sociales, comienzan a subir a las diversas plataformas digitales cuestiones personales y fotograf\u00edas. Eso los deja expuestos a muchas situaciones delicadas. Literalmente en situaci\u00f3n vulnerable y sobre eso se debe continuar haciendo conciencia\u201d, a\u00f1adi\u00f3.<br \/>En el evento denominado IX Reuni\u00f3n Anual del Colegio de Salud P\u00fablica a 10 a\u00f1os de su creaci\u00f3n, su presidenta Margarita Betancourt agradeci\u00f3 las aportaciones de los participantes, quienes hicieron \u00e9nfasis en lo da\u00f1ino de convertir el uso de las redes en una adicci\u00f3n.<br \/>No cuidar ese tema lleva inclusive a problemas de salud p\u00fablica al estar ligado tambi\u00e9n con males f\u00edsicos y temas como el insomnio, sobrepeso, fatiga, irritabilidad, depresi\u00f3n y hasta diabetes. \u201cHay que educar a nuestros hijos sobre este tema que alcanza una importancia social relevante\u201d, coincidieron los participantes.<\/p>\n","protected":false},"excerpt":{"rendered":"<p>Uso responsable de Internet, un tema de importancia social: Dip. Celia Rivas<\/p>\n","protected":false},"author":1018,"featured_media":0,"comment_status":"open","ping_status":"open","sticky":false,"template":"","format":"standard","meta":{"tdm_status":"","tdm_grid_status":"","footnotes":""},"categories":[21],"tags":[],"_links":{"self":[{"href":"https:\/\/dralvarez.com.mx\/larevista\/wp-json\/wp\/v2\/posts\/59586"}],"collection":[{"href":"https:\/\/dralvarez.com.mx\/larevista\/wp-json\/wp\/v2\/posts"}],"about":[{"href":"https:\/\/dralvarez.com.mx\/larevista\/wp-json\/wp\/v2\/types\/post"}],"author":[{"embeddable":true,"href":"https:\/\/dralvarez.com.mx\/larevista\/wp-json\/wp\/v2\/users\/1018"}],"replies":[{"embeddable":true,"href":"https:\/\/dralvarez.com.mx\/larevista\/wp-json\/wp\/v2\/comments?post=59586"}],"version-history":[{"count":0,"href":"https:\/\/dralvarez.com.mx\/larevista\/wp-json\/wp\/v2\/posts\/59586\/revisions"}],"wp:attachment":[{"href":"https:\/\/dralvarez.com.mx\/larevista\/wp-json\/wp\/v2\/media?parent=59586"}],"wp:term":[{"taxonomy":"category","embeddable":true,"href":"https:\/\/dralvarez.com.mx\/larevista\/wp-json\/wp\/v2\/categories?post=59586"},{"taxonomy":"post_tag","embeddable":true,"href":"https:\/\/dralvarez.com.mx\/larevista\/wp-json\/wp\/v2\/tags?post=59586"}],"curies":[{"name":"wp","href":"https:\/\/api.w.org\/{rel}","templated":true}]}}