{"id":59584,"date":"2017-10-27T00:00:00","date_gmt":"2017-10-27T06:00:00","guid":{"rendered":"https:\/\/dralvarez.com.mx\/larevista\/blog\/los-magistrados-consideraron-que-no-fueron-probados-plenamente-los-hechos-denunciados-19203"},"modified":"2017-10-27T00:00:00","modified_gmt":"2017-10-27T06:00:00","slug":"los-magistrados-consideraron-que-no-fueron-probados-plenamente-los-hechos-denunciados-19203","status":"publish","type":"post","link":"https:\/\/dralvarez.com.mx\/larevista\/yucatan\/los-magistrados-consideraron-que-no-fueron-probados-plenamente-los-hechos-denunciados-19203","title":{"rendered":"Los magistrados consideraron que no fueron probados plenamente los hechos denunciados"},"content":{"rendered":"<p><b>Especial \/ La Revista<\/b><\/p>\n<p>En la sesi\u00f3n del Pleno del pasado lunes 23 de los corrientes, el Tribunal Electoral del Estado de Yucat\u00e1n (TEEY), declar\u00f3 <\/p>\n<p>infundada la denuncia en contra del titular de la Secretar\u00eda estatal de Desarrollo Social&nbsp;(Sedesol), Mauricio Sahu\u00ed Rivero por presuntos actos anticipados de campa\u00f1a.<\/p>\n<p>La denuncia fue presentada por el ciudadano \u00c1ngel Cano Barrueta \u2013a quien se le asocia con la agrupaci\u00f3n Acciones L\u00edderes- en el Instituto Electoral y de Participaci\u00f3n Ciudadana (IEPAC), que a su vez la turn\u00f3 al Tribunal, en el expediente P.E.S. 01\/2017.<\/p>\n<p>El Magistrado Presidente, Fernando Bolio Vales, en su papel de instructor, consider\u00f3 que no fueron probados plenamente los hechos manifestados, por lo que declar\u00f3 totalmente infundados los actos denunciados.<\/p>\n<p>La denuncia se present\u00f3 luego de la aparici\u00f3n de anuncios espectaculares con la imagen del funcionario estatal, por lo que el denunciante se\u00f1al\u00f3 que presuntamente se cometieron actos anticipados de campa\u00f1a.&nbsp;<\/p>\n<p>Sin embargo, por unanimidad de votos \u2013o sea de los magistrados Bolio y Manuel Valdez Morales- se aprob\u00f3 como infundados los actos denunciados contra Sahu\u00ed.<\/p>\n<p>De igual forma, el IEPAC desech\u00f3 otra queja en el mismo tenor, que fue promovida por el partido Morena. <\/p>\n","protected":false},"excerpt":{"rendered":"<p>Infundada la denuncia en contra del titular de la Secretar\u00eda estatal de Desarrollo Social<\/p>\n","protected":false},"author":1018,"featured_media":0,"comment_status":"open","ping_status":"open","sticky":false,"template":"","format":"standard","meta":{"tdm_status":"","tdm_grid_status":"","footnotes":""},"categories":[21],"tags":[],"_links":{"self":[{"href":"https:\/\/dralvarez.com.mx\/larevista\/wp-json\/wp\/v2\/posts\/59584"}],"collection":[{"href":"https:\/\/dralvarez.com.mx\/larevista\/wp-json\/wp\/v2\/posts"}],"about":[{"href":"https:\/\/dralvarez.com.mx\/larevista\/wp-json\/wp\/v2\/types\/post"}],"author":[{"embeddable":true,"href":"https:\/\/dralvarez.com.mx\/larevista\/wp-json\/wp\/v2\/users\/1018"}],"replies":[{"embeddable":true,"href":"https:\/\/dralvarez.com.mx\/larevista\/wp-json\/wp\/v2\/comments?post=59584"}],"version-history":[{"count":0,"href":"https:\/\/dralvarez.com.mx\/larevista\/wp-json\/wp\/v2\/posts\/59584\/revisions"}],"wp:attachment":[{"href":"https:\/\/dralvarez.com.mx\/larevista\/wp-json\/wp\/v2\/media?parent=59584"}],"wp:term":[{"taxonomy":"category","embeddable":true,"href":"https:\/\/dralvarez.com.mx\/larevista\/wp-json\/wp\/v2\/categories?post=59584"},{"taxonomy":"post_tag","embeddable":true,"href":"https:\/\/dralvarez.com.mx\/larevista\/wp-json\/wp\/v2\/tags?post=59584"}],"curies":[{"name":"wp","href":"https:\/\/api.w.org\/{rel}","templated":true}]}}