{"id":59582,"date":"2017-10-27T00:00:00","date_gmt":"2017-10-27T06:00:00","guid":{"rendered":"https:\/\/dralvarez.com.mx\/larevista\/blog\/presidenta-del-sistema-dif-estatal-rinde-su-segundo-informe-de-actividades-19201"},"modified":"2017-10-27T00:00:00","modified_gmt":"2017-10-27T06:00:00","slug":"presidenta-del-sistema-dif-estatal-rinde-su-segundo-informe-de-actividades-19201","status":"publish","type":"post","link":"https:\/\/dralvarez.com.mx\/larevista\/compeche\/presidenta-del-sistema-dif-estatal-rinde-su-segundo-informe-de-actividades-19201","title":{"rendered":"Presidenta del sistema DIF Estatal rinde su segundo informe de actividades"},"content":{"rendered":"<p>El gobernador Alejandro Moreno C\u00e1rdenas, acompa\u00f1ado de sus hijos Rafael y Sebasti\u00e1n, asisti\u00f3 al Segundo Informe de Actividades de su esposa Christelle Casta\u00f1\u00f3n de Moreno, presidenta del Patronato del Sistema Estatal para el Desarrollo Integral de la Familia (DIF).<\/p>\n<p>Ante la directora general del Sistema Nacional DIF, Laura Barrera Fortoul, representante de la presidenta del Consejo Consultivo Ciudadano, Ang\u00e9lica Rivera de Pe\u00f1a, Casta\u00f1\u00f3n de Moreno anunci\u00f3 la construcci\u00f3n, equipamiento y ampliaci\u00f3n de siete proyectos de beneficio social en los que se invertir\u00e1n recursos por m\u00e1s de 38 millones 400 mil pesos.<\/p>\n<p>Las obras corresponden a la edificaci\u00f3n del Centro Convive; construcci\u00f3n y equipamiento del Centro de Desarrollo Familiar Comunitario de la unidad habitacional \u201cSiglo XXI\u201d; conversi\u00f3n del balneario de Lerma a \u201cplaya inclusiva\u201d; construcci\u00f3n de los parques infantiles inclusivos \u201cJuguemos todos\u201d en los municipios de Esc\u00e1rcega, Champot\u00f3n y Calkin\u00ed; primera y segunda etapa del Centro de Desarrollo Humano Integral y del Centro de Regularizaci\u00f3n Infantil \u201cEsperanza que crece\u201d; ampliaci\u00f3n del Centro de Desarrollo Comunitario \u201cVicente Guerrero\u201d, y rehabilitaci\u00f3n y construcci\u00f3n de los CDC de las colonias Ampliaci\u00f3n Polvor\u00edn, Granjas, Sascalum y Esperanza.<\/p>\n<p>En el teatro de la ciudad \u201cFrancisco de Paula Toro\u201d, lugar donde se llev\u00f3 a cabo el informe, estuvieron presentes el secretario general de Gobierno, Carlos Miguel Aysa Gonz\u00e1lez; los titulares de los poderes Legislativo y Judicial, Ram\u00f3n M\u00e9ndez Lanz y Miguel \u00c1ngel Chuc L\u00f3pez, respectivamente; el jefe de la Oficina del Gobernador, Claudio Cetina G\u00f3mez, y la directora del DIF Estatal, Silvia Parrao Arceo.<\/p>\n","protected":false},"excerpt":{"rendered":"<p>El gobernador Alejandro Moreno C\u00e1rdenas, acompa\u00f1ado de sus hijos Rafael y Sebasti\u00e1n, asisti\u00f3 al Segundo Informe de Actividades de su esposa Christelle<\/p>\n","protected":false},"author":1018,"featured_media":0,"comment_status":"open","ping_status":"open","sticky":false,"template":"","format":"standard","meta":{"tdm_status":"","tdm_grid_status":"","footnotes":""},"categories":[27],"tags":[],"_links":{"self":[{"href":"https:\/\/dralvarez.com.mx\/larevista\/wp-json\/wp\/v2\/posts\/59582"}],"collection":[{"href":"https:\/\/dralvarez.com.mx\/larevista\/wp-json\/wp\/v2\/posts"}],"about":[{"href":"https:\/\/dralvarez.com.mx\/larevista\/wp-json\/wp\/v2\/types\/post"}],"author":[{"embeddable":true,"href":"https:\/\/dralvarez.com.mx\/larevista\/wp-json\/wp\/v2\/users\/1018"}],"replies":[{"embeddable":true,"href":"https:\/\/dralvarez.com.mx\/larevista\/wp-json\/wp\/v2\/comments?post=59582"}],"version-history":[{"count":0,"href":"https:\/\/dralvarez.com.mx\/larevista\/wp-json\/wp\/v2\/posts\/59582\/revisions"}],"wp:attachment":[{"href":"https:\/\/dralvarez.com.mx\/larevista\/wp-json\/wp\/v2\/media?parent=59582"}],"wp:term":[{"taxonomy":"category","embeddable":true,"href":"https:\/\/dralvarez.com.mx\/larevista\/wp-json\/wp\/v2\/categories?post=59582"},{"taxonomy":"post_tag","embeddable":true,"href":"https:\/\/dralvarez.com.mx\/larevista\/wp-json\/wp\/v2\/tags?post=59582"}],"curies":[{"name":"wp","href":"https:\/\/api.w.org\/{rel}","templated":true}]}}