{"id":59571,"date":"2017-10-27T00:00:00","date_gmt":"2017-10-27T06:00:00","guid":{"rendered":"https:\/\/dralvarez.com.mx\/larevista\/blog\/municipios-19190"},"modified":"2017-10-27T00:00:00","modified_gmt":"2017-10-27T06:00:00","slug":"municipios-19190","status":"publish","type":"post","link":"https:\/\/dralvarez.com.mx\/larevista\/yucatan\/municipios-19190","title":{"rendered":"Municipios"},"content":{"rendered":"<p><\/p>\n<p>Con la participaci\u00f3n de empresarios e integrantes de la sociedad civil, se realiz\u00f3, ayer en la noche,  la instalaci\u00f3n del Consejo Consultivo del Centro Hist\u00f3rico del Municipio de Valladolid.<br \/>Al evento, realizado en el Centro de Desarrollo Comunitario de Zaciabil, asisti\u00f3 la alcaldesa, Alpha Tavera Escalante, as\u00ed como el presidente del patronato del Centro Hist\u00f3rico de M\u00e9rida, Raymundo Vargas Le\u00f3n, quien tom\u00f3 la protesta de los 40 integrantes que forman parte del Consejo Consultivo.<br \/>La presidenta municipal, al dirigir su mensaje de bienvenida dijo que \u201cme da gusto que las pol\u00edticas p\u00fablicas hayan propiciado \u00e9ste momento, ya que ha congregado a destacada muestra de ciudadanos en los campos de la cultura, filantrop\u00eda, las artes, los negocios, todos exponentes de la diversidad pol\u00edtica y social que caracteriza a nuestro pueblo m\u00e1gico de Valladolid\u201d.<br \/>Se\u00f1al\u00f3 que los re\u00fane un propicito digno, que es la preservaci\u00f3n y el rescate, a partir de nuevas bases y equilibrios, del Centro Hist\u00f3rico de Valladolid.<br \/>\u201cNuestro reto ser\u00e1 con acciones a corto, mediano, y largo plazo, en un ambiente din\u00e1mico y representativo de la energ\u00eda y la representaci\u00f3n de los Vallisoletanos, porque nuestro porvenir debe de partir de la preservaci\u00f3n de los mejor de nosotros mismos, de nuestras profundas y solidas ra\u00edces, resalt\u00f3 la alcaldesa.<br \/>Tambi\u00e9n afirm\u00f3 que \u201cpara desplegar todo su potencial debemos de hacer de \u00e9l un espacio urbano y tur\u00edstico modelo, por tal motivo se instala el d\u00eda de hoy este Consejo Consultivo del Centro Hist\u00f3rico, conformado de manera plural y del m\u00e1s alto nivel y por ello se agradece su presencia, su participaci\u00f3n y colaboraci\u00f3n\u201d.<br \/>\u201cAqu\u00ed nos encontramos servidores p\u00fablicos, intelectuales, empresarios, artistas, representantes de diferentes credos, l\u00edderes sociales, ecologistas, comunicadores, trabajadores artesanales, empleados y profesionistas, aqu\u00ed est\u00e1 la energ\u00eda social, aqu\u00ed est\u00e1 la energ\u00eda que preservar\u00e1 y rescatar\u00e1 el Centro Hist\u00f3rico, su labor estoy segura ser\u00e1 crucial para preservar la belleza, vitalidad y grandeza de nuestra heroica Zac\u00ed\u201d, concluy\u00f3 la alcaldesa, Alpha Tavera.<br \/>Por su parte el director de obras p\u00fablicas, Enrique Ayora Sosa, explic\u00f3 el marco normativo del porque el Consejo Consultivo, en donde hizo menci\u00f3n que no es algo nuevo.<br \/>Record\u00f3 que en sesi\u00f3n de cabildo realizado el 20 de septiembre, se reformaron los art\u00edculos, 182, 84 y 85, con la intenci\u00f3n de crear un \u00f3rgano de consulta ciudadana y la toma de decisiones que se deben de tomar y estas  se vayan consultando en los dos per\u00edmetros, ya que, dijo, se deben de realizar 6 reuniones al a\u00f1o.<br \/>Seguidamente, ante las autoridades municipales y los integrantes del Consejo Consultivo, el presidente del Patronado del Centro Hist\u00f3rico de M\u00e9rida, Vargas Le\u00f3n, tom\u00f3 la protesta.<br \/>Vargas Le\u00f3n, comparti\u00f3 experiencias en donde narr\u00f3 que lo trascendente es la participaci\u00f3n de los integrantes del comit\u00e9 para impulsar las acciones.<br \/>Tambi\u00e9n dijo que lo importante es que las autoridades escuchen al autor que est\u00e1 en el Centro Hist\u00f3rico,\u201d la participaci\u00f3n ciudadana es importante para los resultados y acuerdos\u201d.<br \/>Hubo un espacio donde intercambiaron experiencias los asistentes sobre el tema del Centro Hist\u00f3rico, los asistentes externaron sus opiniones y la alcaldesa escuch\u00f3 con atenci\u00f3n a cada uno.<br \/>En su turno el jefe del departamento de fomento econ\u00f3mico Ing. Reyes Aguilar Medina, present\u00f3 un cat\u00e1logo de problemas del Centro Hist\u00f3rico, en la que detall\u00f3 situaciones como trasporte, ambulantaje, recolecta de basura, aseo urbano, alumbrado, c\u00e1maras de seguridad, contar con estacionamiento ya que el 80% de las motos son de empleados de empresas, el ordenamiento del \u00e1rea de mercado, entre otros.<br \/>Entre los asistentes destac\u00f3 la presencia del s\u00edndico, Primo Feliciano \u00c1vila \u00c1lvarez, la secretaria de la comuna, Didia Mendoza Arzapalo, los regidores, Juan Damian Silva Mex, Casiana del Rosario Gomez Rivero, Manuel Canul Cob, Silvia Fern\u00e1ndez Perera, y Elaine Medina Mendoza.<\/p>\n","protected":false},"excerpt":{"rendered":"<p>En Valladolid crean Consejo Consultivo del Centro Hist\u00f3rico<\/p>\n","protected":false},"author":1018,"featured_media":0,"comment_status":"open","ping_status":"open","sticky":false,"template":"","format":"standard","meta":{"tdm_status":"","tdm_grid_status":"","footnotes":""},"categories":[21],"tags":[],"_links":{"self":[{"href":"https:\/\/dralvarez.com.mx\/larevista\/wp-json\/wp\/v2\/posts\/59571"}],"collection":[{"href":"https:\/\/dralvarez.com.mx\/larevista\/wp-json\/wp\/v2\/posts"}],"about":[{"href":"https:\/\/dralvarez.com.mx\/larevista\/wp-json\/wp\/v2\/types\/post"}],"author":[{"embeddable":true,"href":"https:\/\/dralvarez.com.mx\/larevista\/wp-json\/wp\/v2\/users\/1018"}],"replies":[{"embeddable":true,"href":"https:\/\/dralvarez.com.mx\/larevista\/wp-json\/wp\/v2\/comments?post=59571"}],"version-history":[{"count":0,"href":"https:\/\/dralvarez.com.mx\/larevista\/wp-json\/wp\/v2\/posts\/59571\/revisions"}],"wp:attachment":[{"href":"https:\/\/dralvarez.com.mx\/larevista\/wp-json\/wp\/v2\/media?parent=59571"}],"wp:term":[{"taxonomy":"category","embeddable":true,"href":"https:\/\/dralvarez.com.mx\/larevista\/wp-json\/wp\/v2\/categories?post=59571"},{"taxonomy":"post_tag","embeddable":true,"href":"https:\/\/dralvarez.com.mx\/larevista\/wp-json\/wp\/v2\/tags?post=59571"}],"curies":[{"name":"wp","href":"https:\/\/api.w.org\/{rel}","templated":true}]}}