{"id":59563,"date":"2017-10-27T00:00:00","date_gmt":"2017-10-27T06:00:00","guid":{"rendered":"https:\/\/dralvarez.com.mx\/larevista\/blog\/abren-las-convocatorias-para-merida-fest-2018-y-dos-fondos-municipales-de-artes-19182"},"modified":"2017-10-27T00:00:00","modified_gmt":"2017-10-27T06:00:00","slug":"abren-las-convocatorias-para-merida-fest-2018-y-dos-fondos-municipales-de-artes-19182","status":"publish","type":"post","link":"https:\/\/dralvarez.com.mx\/larevista\/yucatan\/abren-las-convocatorias-para-merida-fest-2018-y-dos-fondos-municipales-de-artes-19182","title":{"rendered":"Abren las convocatorias para M\u00e9rida Fest 2018 y dos fondos municipales de artes"},"content":{"rendered":"<p>El Ayuntamiento de M\u00e9rida abri\u00f3 hoy sendas convocatorias para los Fondos Municipales para las Artes Esc\u00e9nicas y M\u00fasica; Artes Visuales y para elaborar la programaci\u00f3n del M\u00e9rida Fest 2018, las cuales contar\u00e1n con una bolsa de $4 millones y un mill\u00f3n de pesos, respectivamente.<\/p>\n<p>En rueda de prensa, el alcalde Mauricio Vila subray\u00f3 que este a\u00f1o cerrar\u00e1 fuerte con el Festival de las \u00c1nimas, el Paseo de las \u00c1nimas, el Camino de Flores dedicado a los trovadores ya fallecidos, as\u00ed como la instalaci\u00f3n de la r\u00e9plica de la Capilla Sixtina, la Noche Blanca el 2 de diciembre y la actuaci\u00f3n de Fito P\u00e1ez el 17 de diciembre \u2014inform\u00f3 el presidente municipal. <\/p>\n<p>Record\u00f3 que este 2017, adem\u00e1s de los cinco millones invertidos en los fondos municipales y el M\u00e9rida Fest, se destinaron $3 millones m\u00e1s a otros eventos realizados con motivo de la Capital Americana de la Cultura, que en este a\u00f1o contempla la realizaci\u00f3n de 12, 200 eventos culturales en la ciudad.<\/p>\n<p>Por su parte, V\u00edctor Hugo Lozano Poveda, coordinador general de Pol\u00edtica Comunitaria, dio a conocer que las convocatorias quedan abiertas a partir de hoy y, en el caso de los Fondos Municipales para las Artes Esc\u00e9nicas y M\u00fasica se trata de la sexta edici\u00f3n e incluyen las disciplinas de danza, artes circenses y performance; teatro, m\u00fasica e interdisciplinas.<\/p>\n<p>Las fechas l\u00edmites para inscribir los proyectos son 21 de noviembre (teatro); 22 de noviembre (danza, artes circenses y performance); 23 de noviembre (m\u00fasica), y 24 de noviembre (interdisciplina).<\/p>\n<p>El resultado del proceso de selecci\u00f3n se har\u00e1 p\u00fablico el viernes 2 de febrero de 2018.<\/p>\n<p>En el caso de las artes visuales, precis\u00f3 que la convocatoria incluye pintura, escultura y arte objeto; fotograf\u00eda, gr\u00e1fica, instalaciones, arte del cuerpo, dibujo, ilustraci\u00f3n, videoarte, cine y arte urbano.<\/p>\n<p>Las fechas l\u00edmites son 27 de noviembre para pintura, escultura y arte objeto; 28, gr\u00e1fica, dibujo, ilustraci\u00f3n y fotograf\u00eda; 29, instalaciones, arte del cuerpo videoarte y cine.<\/p>\n<p>Los requisitos, montos de apoyo a otorgar y dem\u00e1s detalles se pueden consultar en la p\u00e1gina del Ayuntamiento <a target=\"_blank\" rel=\"nofollow noopener\" href=\"http:\/\/www.merida.gob.mx\">www.merida.gob.mx<\/a><\/p>\n<p>Al evento asistieron tambi\u00e9n Felipe Ahumada Vasconcelos, director de Cultura del Ayuntamiento y Jos\u00e9 Luis Mart\u00ednez Semerena, regidor presidente de la Comisi\u00f3n de Cultura.<\/p>\n<p><\/p>\n","protected":false},"excerpt":{"rendered":"<p>M\u00e1s apoyo para la cultura y las artes.<\/p>\n","protected":false},"author":1018,"featured_media":0,"comment_status":"open","ping_status":"open","sticky":false,"template":"","format":"standard","meta":{"tdm_status":"","tdm_grid_status":"","footnotes":""},"categories":[21],"tags":[],"_links":{"self":[{"href":"https:\/\/dralvarez.com.mx\/larevista\/wp-json\/wp\/v2\/posts\/59563"}],"collection":[{"href":"https:\/\/dralvarez.com.mx\/larevista\/wp-json\/wp\/v2\/posts"}],"about":[{"href":"https:\/\/dralvarez.com.mx\/larevista\/wp-json\/wp\/v2\/types\/post"}],"author":[{"embeddable":true,"href":"https:\/\/dralvarez.com.mx\/larevista\/wp-json\/wp\/v2\/users\/1018"}],"replies":[{"embeddable":true,"href":"https:\/\/dralvarez.com.mx\/larevista\/wp-json\/wp\/v2\/comments?post=59563"}],"version-history":[{"count":0,"href":"https:\/\/dralvarez.com.mx\/larevista\/wp-json\/wp\/v2\/posts\/59563\/revisions"}],"wp:attachment":[{"href":"https:\/\/dralvarez.com.mx\/larevista\/wp-json\/wp\/v2\/media?parent=59563"}],"wp:term":[{"taxonomy":"category","embeddable":true,"href":"https:\/\/dralvarez.com.mx\/larevista\/wp-json\/wp\/v2\/categories?post=59563"},{"taxonomy":"post_tag","embeddable":true,"href":"https:\/\/dralvarez.com.mx\/larevista\/wp-json\/wp\/v2\/tags?post=59563"}],"curies":[{"name":"wp","href":"https:\/\/api.w.org\/{rel}","templated":true}]}}