{"id":59562,"date":"2017-10-27T00:00:00","date_gmt":"2017-10-27T06:00:00","guid":{"rendered":"https:\/\/dralvarez.com.mx\/larevista\/blog\/bien-hecho-yucatan-fomenta-la-educacion-y-el-trabajo-19181"},"modified":"2017-10-27T00:00:00","modified_gmt":"2017-10-27T06:00:00","slug":"bien-hecho-yucatan-fomenta-la-educacion-y-el-trabajo-19181","status":"publish","type":"post","link":"https:\/\/dralvarez.com.mx\/larevista\/yucatan\/bien-hecho-yucatan-fomenta-la-educacion-y-el-trabajo-19181","title":{"rendered":"Bien Hecho Yucat\u00e1n fomenta la educaci\u00f3n y el trabajo"},"content":{"rendered":"<\/p>\n<p>Una de las particularidades del programa Bien Hecho Yucat\u00e1n es que est\u00e1 dirigido tanto a la poblaci\u00f3n como a las organizaciones productivas. Con esa premisa y el objetivo de promover sus cursos y talleres, se present\u00f3 dicha plataforma a los directivos del Grupo Gamas.<\/p>\n<p>Al dar detalles, el titular de la Secretar\u00eda de Educaci\u00f3n (Segey), V\u00edctor Caballero Dur\u00e1n, reconoci\u00f3 que el corporativo siempre se ha caracterizado por darle un valor agregado a sus servicios a partir del aprendizaje constante del capital humano que labora con ellos y que se ha preocupado porque su personal est\u00e9 en constante preparaci\u00f3n<\/p>\n<div><\/div>\n<p>\u201cYa no solamente se trata de darles oportunidades para que terminen su educaci\u00f3n b\u00e1sica, sino de darles opciones para que se capaciten y certifiquen en diversos oficios o actividades. Existen quienes aprendieron ciertas tareas de manera emp\u00edrica, pero nunca han tenido una formaci\u00f3n oficial o un documento que avale sus conocimientos\u201d, afirm\u00f3.<\/p>\n<p>Asimismo, destac\u00f3 que en las empresas tambi\u00e9n existen colaboradores que cuentan con las aptitudes necesarias para desempe\u00f1arse en ciertas \u00e1reas y no pueden ascender a otros puestos porque no tienen manera de acreditar sus habilidades, por lo que Bien Hecho Yucat\u00e1n hace posible que los empleados crezcan profesionalmente.<\/p>\n<p>En el marco de la presentaci\u00f3n, Caballero Dur\u00e1n visit\u00f3 la plaza comunitaria ubicada en las instalaciones del Grupo, la cual inaugur\u00f3 en 2014 cuando era secretario de General de Gobierno. Actualmente, en dicho espacio se imparte el curso de Alfabetizaci\u00f3n Digital, que instruye a 22 estudiantes en el turno matutino y a 20 en el vespertino.<\/p>\n<p>\u201cYo antes no pod\u00eda ni encender una computadora, ahora poco a poco le voy perdiendo el miedo de tocar algo y que se apague. Yo soy madre soltera y me ha costado mucho conseguir trabajo, por eso quiero aprender nuevas cosas para tener m\u00e1s opciones de empleo\u201d, expres\u00f3 Sof\u00eda Pan Flores, quien forma parte del grupo de computaci\u00f3n.<\/p>\n<p>Al inicio, la plaza se abri\u00f3 exclusivamente para los colaboradores del corporativo, pero ahora est\u00e1 a disposici\u00f3n de toda la poblaci\u00f3n que desee tomar un taller de la plataforma Bien Hecho Yucat\u00e1n o concluir su educaci\u00f3n b\u00e1sica.<\/p>\n<p>\u201cCrecer no es solamente escalar en puestos, es impulsarle capacidades a la gente. Por eso buscamos a todas esas personas dentro de la empresa que no tengan su primaria para que la tengan, aquel que no tenga secundaria que la curse y si quieren estudiar el bachillerato, adelante\u201d, puntualiz\u00f3 el presidente de Grupo Gamas, Guillermo Mendicuti Lor\u00eda.<\/p><\/p>\n","protected":false},"excerpt":{"rendered":"<p>Una de las particularidades del programa Bien Hecho Yucat\u00e1n es que est\u00e1 dirigido tanto a la poblaci\u00f3n como a las organizaciones productivas. Con esa p<\/p>\n","protected":false},"author":1018,"featured_media":0,"comment_status":"open","ping_status":"open","sticky":false,"template":"","format":"standard","meta":{"tdm_status":"","tdm_grid_status":"","footnotes":""},"categories":[21],"tags":[],"_links":{"self":[{"href":"https:\/\/dralvarez.com.mx\/larevista\/wp-json\/wp\/v2\/posts\/59562"}],"collection":[{"href":"https:\/\/dralvarez.com.mx\/larevista\/wp-json\/wp\/v2\/posts"}],"about":[{"href":"https:\/\/dralvarez.com.mx\/larevista\/wp-json\/wp\/v2\/types\/post"}],"author":[{"embeddable":true,"href":"https:\/\/dralvarez.com.mx\/larevista\/wp-json\/wp\/v2\/users\/1018"}],"replies":[{"embeddable":true,"href":"https:\/\/dralvarez.com.mx\/larevista\/wp-json\/wp\/v2\/comments?post=59562"}],"version-history":[{"count":0,"href":"https:\/\/dralvarez.com.mx\/larevista\/wp-json\/wp\/v2\/posts\/59562\/revisions"}],"wp:attachment":[{"href":"https:\/\/dralvarez.com.mx\/larevista\/wp-json\/wp\/v2\/media?parent=59562"}],"wp:term":[{"taxonomy":"category","embeddable":true,"href":"https:\/\/dralvarez.com.mx\/larevista\/wp-json\/wp\/v2\/categories?post=59562"},{"taxonomy":"post_tag","embeddable":true,"href":"https:\/\/dralvarez.com.mx\/larevista\/wp-json\/wp\/v2\/tags?post=59562"}],"curies":[{"name":"wp","href":"https:\/\/api.w.org\/{rel}","templated":true}]}}