{"id":59559,"date":"2017-10-27T00:00:00","date_gmt":"2017-10-27T06:00:00","guid":{"rendered":"https:\/\/dralvarez.com.mx\/larevista\/blog\/nuevas-estrategias-para-eliminar-arboles-en-lugares-publicos-19178"},"modified":"2017-10-27T00:00:00","modified_gmt":"2017-10-27T06:00:00","slug":"nuevas-estrategias-para-eliminar-arboles-en-lugares-publicos-19178","status":"publish","type":"post","link":"https:\/\/dralvarez.com.mx\/larevista\/yucatan\/nuevas-estrategias-para-eliminar-arboles-en-lugares-publicos-19178","title":{"rendered":"Nuevas estrategias para eliminar \u00e1rboles en lugares p\u00fablicos"},"content":{"rendered":"<\/p>\n<p>Ciudadanos de M\u00e9rida recurren a estrategias para \u201cmatar a los \u00e1rboles\u201d en parques y avenidas de esta ciudad, mismo que nos relatan ciudadanos que no est\u00e1n de acuerdo con estas pr\u00e1cticas.<\/p>\n<p>Estos vecinos pidieron el anonimato por temor a las posibles represalias y relataron que entre lo usado por meridanos para deshacerse de los \u00e1rboles figura: el uso de herbicidas, qu\u00edmicos, clavos y raspones en el tallo de los \u00e1rboles en avenidas y parques, para ocasionar la muerte de los \u00e1rboles en \u00e9stos lugares p\u00fablicos.<\/p>\n<div><\/div>\n<p>\u201cAunque sabemos que los arboles aten\u00faan las altas temperaturas en la ciudad, nos dan ox\u00edgeno, y sombra hasta para aquellos que usan como estacionamiento las calles, pero muchos ya no lo valoran, y vemos con tristeza, tanta maldad a los \u00e1rboles. Muchos de quienes hacen uso de esta estrategia, lo hacen a altas horas de la noche o determinadas horas para cometer sus fechor\u00edas\u201d, sostuvo.<\/p>\n<p>\u00bfD\u00f3nde qued\u00f3 esa sociedad sensible o que se oriente porque los \u00e1rboles son de inter\u00e9s y son ben\u00e9ficos para nosotros?, &nbsp;se\u00f1al\u00f3 el ciudadano al ser entrevistado.<\/p>\n<p>Asimismo, nos hizo llegar un documento en donde plasma sus comentarios a autoridades municipales, y a las otras instituciones relacionadas al medio ambiente.<\/p>\n<p><b>Autoridad correspondiente:<\/b><\/p>\n<p>Buenos d\u00edas, despu\u00e9s de haber hablado por tel\u00e9fono con Clarisa Jim\u00e9nez del CICY y de haber comentado y pedido orientaci\u00f3n sobre un crimen ambiental llevado al cabo el 23 de agosto de 2017 entre las 14:00 y las 15:00 me remiti\u00f3 a usted para el siguiente oficio:<\/p>\n<p>En la esquina sobre la avenida Cupules y calle 28 del lado perteneciente a la colonia Yucat\u00e1n en la fecha y hora mencionada unas personas (a quienes se denunci\u00f3 a la fiscal\u00eda y al ayuntamiento y cuyos reportes est\u00e1n como antecedente) vertieron alg\u00fan qu\u00edmico o sustancia desconocida al tronco del \u00e1rbol localizado ah\u00ed, rasparon sus ra\u00edces y pusieron clavos en el tronco.<\/p>\n<p>\u201cLo que pretendo con este oficio es salvar al \u00e1rbol a trav\u00e9s de la ayuda de expertos bot\u00e1nicos o ambientales para evitar la muerte de esta planta que contribuye a darnos ox\u00edgeno, sombra y a contrarrestar el efecto del calentamiento global, aunque cada vez se sigue talando m\u00e1s y m\u00e1s \u00e1rboles en la ciudad\u201d, dicta el documento.<\/p>\n<p>\u201cSin af\u00e1n de extender m\u00e1s el presente pido su honorable ayuda para lograr el objetivo conjunto de preservar al medio ambiente y el de ser as\u00ed amigable con \u00e9l (Adjunto fotograf\u00edas al presente correo\u201d concluy\u00f3 el texto que le envi\u00f3 a las autoridades del H. Ayuntamiento de M\u00e9rida.<\/p><\/p>\n","protected":false},"excerpt":{"rendered":"<p>Ciudadanos de M\u00e9rida recurren a estrategias para \u201cmatar a los \u00e1rboles\u201d en parques y avenidas de esta ciudad, mismo que nos relatan ciudadanos que no e<\/p>\n","protected":false},"author":1018,"featured_media":0,"comment_status":"open","ping_status":"open","sticky":false,"template":"","format":"standard","meta":{"tdm_status":"","tdm_grid_status":"","footnotes":""},"categories":[21],"tags":[],"_links":{"self":[{"href":"https:\/\/dralvarez.com.mx\/larevista\/wp-json\/wp\/v2\/posts\/59559"}],"collection":[{"href":"https:\/\/dralvarez.com.mx\/larevista\/wp-json\/wp\/v2\/posts"}],"about":[{"href":"https:\/\/dralvarez.com.mx\/larevista\/wp-json\/wp\/v2\/types\/post"}],"author":[{"embeddable":true,"href":"https:\/\/dralvarez.com.mx\/larevista\/wp-json\/wp\/v2\/users\/1018"}],"replies":[{"embeddable":true,"href":"https:\/\/dralvarez.com.mx\/larevista\/wp-json\/wp\/v2\/comments?post=59559"}],"version-history":[{"count":0,"href":"https:\/\/dralvarez.com.mx\/larevista\/wp-json\/wp\/v2\/posts\/59559\/revisions"}],"wp:attachment":[{"href":"https:\/\/dralvarez.com.mx\/larevista\/wp-json\/wp\/v2\/media?parent=59559"}],"wp:term":[{"taxonomy":"category","embeddable":true,"href":"https:\/\/dralvarez.com.mx\/larevista\/wp-json\/wp\/v2\/categories?post=59559"},{"taxonomy":"post_tag","embeddable":true,"href":"https:\/\/dralvarez.com.mx\/larevista\/wp-json\/wp\/v2\/tags?post=59559"}],"curies":[{"name":"wp","href":"https:\/\/api.w.org\/{rel}","templated":true}]}}