{"id":59550,"date":"2017-10-27T00:00:00","date_gmt":"2017-10-27T06:00:00","guid":{"rendered":"https:\/\/dralvarez.com.mx\/larevista\/blog\/empresarios-conocen-avances-en-el-combate-de-la-pobreza-19169"},"modified":"2017-10-27T00:00:00","modified_gmt":"2017-10-27T06:00:00","slug":"empresarios-conocen-avances-en-el-combate-de-la-pobreza-19169","status":"publish","type":"post","link":"https:\/\/dralvarez.com.mx\/larevista\/yucatan\/empresarios-conocen-avances-en-el-combate-de-la-pobreza-19169","title":{"rendered":"Empresarios conocen avances en el combate de la pobreza"},"content":{"rendered":"<\/p>\n<p>M\u00e9rida,<br \/>\nYucat\u00e1n, 26 de octubre de 2017.- Directivos de la C\u00e1mara Nacional de Comercio,<br \/>\nServicio y Turismo (Canaco-Servytur) de M\u00e9rida se congratularon por los<br \/>\nresultados obtenidos en el \u00faltimo reporte del Consejo Nacional de Evaluaci\u00f3n de<br \/>\nla Pol\u00edtica de Desarrollo Social (Coneval) que marca una tendencia a la baja en<br \/>\nla disminuci\u00f3n de la pobreza y una mejora en los ingresos de las familias<br \/>\nyucatecas.<\/p>\n<p>El titular<br \/>\nde la Secretar\u00eda de Desarrollo Social (Sedesol), Mauricio Sahu\u00ed Rivero, expuso<br \/>\nante los empresarios la medici\u00f3n que ubica a Yucat\u00e1n como la tercera entidad a<br \/>\nnivel nacional con mejor desempe\u00f1o en la disminuci\u00f3n pobreza extrema al<br \/>\nreducirla en 4.6 puntos porcentuales. <\/p>\n<p>En el<br \/>\nencuentro, el presidente de la Canaco-Servytur de M\u00e9rida, Juan Jos\u00e9 Abraham<br \/>\nDaguer indic\u00f3 que los avances en los indicadores presentados denotan un trabajo<br \/>\ncoordinado y la integraci\u00f3n de los recursos en una sola bolsa para obtener un<br \/>\nimpacto favorable.<\/p>\n<p>\u201cAntes se<br \/>\nentregaban apoyos y no sal\u00eda la gente de la situaci\u00f3n de la que estaba. Es<br \/>\nimportante irle apostando a ese tipo de ayuda social y tambi\u00e9n a la productiva<br \/>\na m\u00e1s largo plazo para que impacte m\u00e1s en su nivel de vida\u201d, subray\u00f3.<\/p>\n<p>Al tomar la<br \/>\npalabra, el vicepresidente de presupuestos y control interno del organismo<br \/>\nempresarial, Manuel Alfaro Santos, destac\u00f3 la articulaci\u00f3n de esfuerzos de las<br \/>\ndependencias gubernamentales, propuso continuar con esa labor e incentivar la<br \/>\ninstalaci\u00f3n de empresas en las zonas marginadas, para seguir fomentando el<br \/>\ndesarrollo de m\u00e1s familias.<\/p>\n<p>En este<br \/>\nespacio de di\u00e1logo, Sahu\u00ed Rivero indic\u00f3 que cuando todos hacen su parte y se<br \/>\ntrabaja de manera coordinada se obtienen resultados eficientes en las pol\u00edticas<br \/>\np\u00fablicas que mejoran la calidad de vida de las familias.<\/p>\n<p>Explic\u00f3 que<br \/>\ndurante 2016 se realizaron m\u00e1s de 69 mil acciones de vivienda, en un acto<br \/>\nhist\u00f3rico a trav\u00e9s de la estrategia \u201cMejorar\u201d que afianzaron la consolidaci\u00f3n<br \/>\nde un mejor entorno para yucatecas y yucatecos que viv\u00edan en situaci\u00f3n<br \/>\nvulnerable.<\/p>\n<p>Asimismo,<br \/>\nremarc\u00f3 que la econom\u00eda est\u00e1 creciendo muy por encima de la media nacional lo<br \/>\nque genera que haya m\u00e1s empleos, productividad y de forma integral se genera el<br \/>\ndesarrollo del estado.<\/p>\n<p>El titular<br \/>\nde la Sedesol reiter\u00f3 que es necesario que exista continuidad en las acciones<br \/>\nde gobierno para que los resultados positivos no se interrumpan y se mantengan<br \/>\nen forma sostenida.<\/p>\n<p>\u201cEn general,<br \/>\nsi seguimos con tendencias como estas, si la din\u00e1mica de crecimiento econ\u00f3mico<br \/>\nse acelera y somos capaces de insertar al capital humano y fortalecerlo,<br \/>\npodemos aspirar a bajar m\u00e1s los niveles de pobreza\u201d, puntualiz\u00f3.<\/p><\/p>\n","protected":false},"excerpt":{"rendered":"<p>Destacan la coordinaci\u00f3n para abatir carencias sociales.<\/p>\n","protected":false},"author":1018,"featured_media":0,"comment_status":"open","ping_status":"open","sticky":false,"template":"","format":"standard","meta":{"tdm_status":"","tdm_grid_status":"","footnotes":""},"categories":[21],"tags":[],"_links":{"self":[{"href":"https:\/\/dralvarez.com.mx\/larevista\/wp-json\/wp\/v2\/posts\/59550"}],"collection":[{"href":"https:\/\/dralvarez.com.mx\/larevista\/wp-json\/wp\/v2\/posts"}],"about":[{"href":"https:\/\/dralvarez.com.mx\/larevista\/wp-json\/wp\/v2\/types\/post"}],"author":[{"embeddable":true,"href":"https:\/\/dralvarez.com.mx\/larevista\/wp-json\/wp\/v2\/users\/1018"}],"replies":[{"embeddable":true,"href":"https:\/\/dralvarez.com.mx\/larevista\/wp-json\/wp\/v2\/comments?post=59550"}],"version-history":[{"count":0,"href":"https:\/\/dralvarez.com.mx\/larevista\/wp-json\/wp\/v2\/posts\/59550\/revisions"}],"wp:attachment":[{"href":"https:\/\/dralvarez.com.mx\/larevista\/wp-json\/wp\/v2\/media?parent=59550"}],"wp:term":[{"taxonomy":"category","embeddable":true,"href":"https:\/\/dralvarez.com.mx\/larevista\/wp-json\/wp\/v2\/categories?post=59550"},{"taxonomy":"post_tag","embeddable":true,"href":"https:\/\/dralvarez.com.mx\/larevista\/wp-json\/wp\/v2\/tags?post=59550"}],"curies":[{"name":"wp","href":"https:\/\/api.w.org\/{rel}","templated":true}]}}