{"id":59549,"date":"2017-10-27T00:00:00","date_gmt":"2017-10-27T06:00:00","guid":{"rendered":"https:\/\/dralvarez.com.mx\/larevista\/blog\/esfuerzos-unidos-por-la-igualdad-entre-mujeres-y-hombres-19168"},"modified":"2017-10-27T00:00:00","modified_gmt":"2017-10-27T06:00:00","slug":"esfuerzos-unidos-por-la-igualdad-entre-mujeres-y-hombres-19168","status":"publish","type":"post","link":"https:\/\/dralvarez.com.mx\/larevista\/yucatan\/esfuerzos-unidos-por-la-igualdad-entre-mujeres-y-hombres-19168","title":{"rendered":"Esfuerzos unidos, por la igualdad entre mujeres y hombres"},"content":{"rendered":"<\/p>\n<p>M\u00e9rida, Yucat\u00e1n, 26 de octubre de 2017.- A fin de promover la participaci\u00f3n social, el di\u00e1logo y an\u00e1lisis de las actividades destinadas a procurar la equidad de derechos y oportunidades para todos, se instal\u00f3 el Consejo Consultivo del Sistema Estatal para la Igualdad entre Mujeres y Hombres.<\/p>\n<p>Este organismo, presidido por la directora del Instituto para la Igualdad entre Mujeres y Hombres en Yucat\u00e1n (Ipiemh), Alaine L\u00f3pez Brice\u00f1o, cuenta con consejeras y consejeros ciudadanos, miembros de diferentes sectores de la sociedad, organizaciones p\u00fablicas y privadas, asociaciones civiles e instituciones acad\u00e9micas.<\/p>\n<p>Se explic\u00f3 que este conjunto ser\u00e1 el que propondr\u00e1 y discutir\u00e1 acciones, as\u00ed como estrategias en la materia para la creaci\u00f3n de pol\u00edticas con perspectiva de g\u00e9nero y cumplir el objetivo del referido Consejo. Durante la sesi\u00f3n, se llev\u00f3 a cabo la presentaci\u00f3n de la directora de Vinculaci\u00f3n del Ipiemh, Cuzam Cruz L\u00f3pez, quien fungir\u00e1 como secretaria T\u00e9cnica.<\/p>\n<p>El Consejo est\u00e1 compuesto por integrantes de las Comisiones de J\u00f3venes Empresarios de la Coparmex M\u00e9rida y J\u00f3venes Emprendedores de la Canirac Yucat\u00e1n; las Universidades Tecnol\u00f3gicas Regional del Sur, del Poniente y del Centro; Programa Mujeres Moviendo M\u00e9xico,  Instituto Tecnol\u00f3gico Superior de Motul, y  Centro de Atenci\u00f3n Integral al Menor en Desamparo (Caimede).<\/p>\n<p>Asimismo, las Asociaciones Civiles &#8220;Juntos por Yucat\u00e1n Logrando Sonrisas&#8221;, El Renacer del Mayab, Universitarias y Acad\u00e9micas de Yucat\u00e1n, Yucat\u00e1n, Bendiciendo con Amor, ADL Visi\u00f3n Compartida, Red Pro Yucat\u00e1n, Club Especial Ayelem, Apoyo Psicol\u00f3gico para una Vida sin Violencia y la Fundaci\u00f3n BAI.<\/p>\n<p>Tambi\u00e9n, Cadena RASA, Refugio del Instituto Municipal de la Mujer en M\u00e9rida, &nbsp;Revista Midwoman Fashion Magazine, &nbsp;Grupo Nicxa y el Centro de Investigaciones Regionales \u201cDr. Hideyo Noguchi\u201d, as\u00ed como de los Instituciones de Asistencia Privada Contacto y Pujul\u00e1 Liga de Comunidades Mayas.<\/p>\n<p><\/p>\n","protected":false},"excerpt":{"rendered":"<p>A fin de promover la participaci\u00f3n social, el di\u00e1logo y an\u00e1lisis de las actividades destinadas a procurar la equidad de derechos y oportunidades para<\/p>\n","protected":false},"author":1018,"featured_media":0,"comment_status":"open","ping_status":"open","sticky":false,"template":"","format":"standard","meta":{"tdm_status":"","tdm_grid_status":"","footnotes":""},"categories":[21],"tags":[],"_links":{"self":[{"href":"https:\/\/dralvarez.com.mx\/larevista\/wp-json\/wp\/v2\/posts\/59549"}],"collection":[{"href":"https:\/\/dralvarez.com.mx\/larevista\/wp-json\/wp\/v2\/posts"}],"about":[{"href":"https:\/\/dralvarez.com.mx\/larevista\/wp-json\/wp\/v2\/types\/post"}],"author":[{"embeddable":true,"href":"https:\/\/dralvarez.com.mx\/larevista\/wp-json\/wp\/v2\/users\/1018"}],"replies":[{"embeddable":true,"href":"https:\/\/dralvarez.com.mx\/larevista\/wp-json\/wp\/v2\/comments?post=59549"}],"version-history":[{"count":0,"href":"https:\/\/dralvarez.com.mx\/larevista\/wp-json\/wp\/v2\/posts\/59549\/revisions"}],"wp:attachment":[{"href":"https:\/\/dralvarez.com.mx\/larevista\/wp-json\/wp\/v2\/media?parent=59549"}],"wp:term":[{"taxonomy":"category","embeddable":true,"href":"https:\/\/dralvarez.com.mx\/larevista\/wp-json\/wp\/v2\/categories?post=59549"},{"taxonomy":"post_tag","embeddable":true,"href":"https:\/\/dralvarez.com.mx\/larevista\/wp-json\/wp\/v2\/tags?post=59549"}],"curies":[{"name":"wp","href":"https:\/\/api.w.org\/{rel}","templated":true}]}}