{"id":59536,"date":"2017-10-26T00:00:00","date_gmt":"2017-10-26T06:00:00","guid":{"rendered":"https:\/\/dralvarez.com.mx\/larevista\/blog\/se-premia-a-imagenes-y-videos-sobre-prevencion-de-adicciones-19155"},"modified":"2017-10-26T00:00:00","modified_gmt":"2017-10-26T06:00:00","slug":"se-premia-a-imagenes-y-videos-sobre-prevencion-de-adicciones-19155","status":"publish","type":"post","link":"https:\/\/dralvarez.com.mx\/larevista\/yucatan\/se-premia-a-imagenes-y-videos-sobre-prevencion-de-adicciones-19155","title":{"rendered":"Se premia a im\u00e1genes y videos sobre prevenci\u00f3n de adicciones"},"content":{"rendered":"<\/p>\n<p>M\u00e9rida,<br \/>\nYucat\u00e1n, 26 de octubre de 2017.- Decenas de j\u00f3venes dejaron fluir sus ideas<br \/>\npara difundir mensajes de impacto positivo a trav\u00e9s de propuestas gr\u00e1ficas.<br \/>\nReaccionaron a favor de una vida integral e hicieron un llamado conjunto a<br \/>\nprevenir las adicciones en Yucat\u00e1n, en la fase estatal del Concurso Nacional de<br \/>\nMemes, Gif y Videos \u201cLike Salud\u201d.<\/p>\n<p>\u201cEsta<br \/>\nactividad gener\u00f3 un espacio para que todos compartamos y contribuyamos a un<br \/>\nbien com\u00fan: alejar a los j\u00f3venes de vicios como el consumo de drogas, alcohol y<br \/>\notros estupefacientes\u201d, expres\u00f3 el titular de la Secretar\u00eda de la Juventud<br \/>\n(Sejuve), Luis Enrique Borjas Romero, al entregar los premios y est\u00edmulos a los<br \/>\nganadores, as\u00ed como los reconocimientos a cada uno de los participantes.<\/p>\n<p>La<br \/>\ndependencia, el Instituto Mexicano de la Juventud (Imjuve) y el Centro de<br \/>\nIntegraci\u00f3n Juvenil (CIJ), organizaron esta convocatoria con el fin de<br \/>\ninvolucrar cada vez m\u00e1s a dicho sector en esta labor.<\/p>\n<p>Con su<br \/>\nvideo, el equipo conformado por Juan Carlos Rosales Ruz y Julio Osorno Novelo<br \/>\nviaj\u00f3 a la Ciudad de M\u00e9xico junto con Johan Sa\u00fal Pe\u00f1a Algal\u00e1n, quien tambi\u00e9n<br \/>\nfue seleccionado como finalista nacional en la categor\u00eda de memes para<br \/>\nrepresentar a la entidad.<\/p>\n<p>Acompa\u00f1ado<br \/>\nde Laura Castro Gamboa, presidenta del Patronato por un Yucat\u00e1n sin Adicciones;<br \/>\nel director del CIJ Yucat\u00e1n, V\u00edctor Roa Mu\u00f1oz, expres\u00f3 que compartir el mensaje<br \/>\nde la prevenci\u00f3n en un medio accesible a los j\u00f3venes, como las redes sociales,<br \/>\nes una tarea que debe cumplirse todos los d\u00edas.<\/p>\n<p>\u201cPara esta<br \/>\ngeneraci\u00f3n, estrategias efectivas de comunicaci\u00f3n, como los memes, deben<br \/>\naprovecharse como herramientas para motivar cambios y acciones de provecho para<br \/>\nellos\u201d, expres\u00f3 Luis Borjas Romero durante la premiaci\u00f3n en la que estuvo<br \/>\npresente Jorge Sobrino Arg\u00e1ez, director general del Conalep.<\/p><\/p>\n","protected":false},"excerpt":{"rendered":"<p>J\u00f3venes de Yucat\u00e1n representan al estado en la Ciudad de M\u00e9xico.<\/p>\n","protected":false},"author":1018,"featured_media":0,"comment_status":"open","ping_status":"open","sticky":false,"template":"","format":"standard","meta":{"tdm_status":"","tdm_grid_status":"","footnotes":""},"categories":[21],"tags":[],"_links":{"self":[{"href":"https:\/\/dralvarez.com.mx\/larevista\/wp-json\/wp\/v2\/posts\/59536"}],"collection":[{"href":"https:\/\/dralvarez.com.mx\/larevista\/wp-json\/wp\/v2\/posts"}],"about":[{"href":"https:\/\/dralvarez.com.mx\/larevista\/wp-json\/wp\/v2\/types\/post"}],"author":[{"embeddable":true,"href":"https:\/\/dralvarez.com.mx\/larevista\/wp-json\/wp\/v2\/users\/1018"}],"replies":[{"embeddable":true,"href":"https:\/\/dralvarez.com.mx\/larevista\/wp-json\/wp\/v2\/comments?post=59536"}],"version-history":[{"count":0,"href":"https:\/\/dralvarez.com.mx\/larevista\/wp-json\/wp\/v2\/posts\/59536\/revisions"}],"wp:attachment":[{"href":"https:\/\/dralvarez.com.mx\/larevista\/wp-json\/wp\/v2\/media?parent=59536"}],"wp:term":[{"taxonomy":"category","embeddable":true,"href":"https:\/\/dralvarez.com.mx\/larevista\/wp-json\/wp\/v2\/categories?post=59536"},{"taxonomy":"post_tag","embeddable":true,"href":"https:\/\/dralvarez.com.mx\/larevista\/wp-json\/wp\/v2\/tags?post=59536"}],"curies":[{"name":"wp","href":"https:\/\/api.w.org\/{rel}","templated":true}]}}