{"id":59534,"date":"2017-10-26T00:00:00","date_gmt":"2017-10-26T06:00:00","guid":{"rendered":"https:\/\/dralvarez.com.mx\/larevista\/blog\/monitoreo-y-evaluacion-de-los-programas-de-sagarpa-para-fortalecer-las-acciones-en-el-sector-19153"},"modified":"2017-10-26T00:00:00","modified_gmt":"2017-10-26T06:00:00","slug":"monitoreo-y-evaluacion-de-los-programas-de-sagarpa-para-fortalecer-las-acciones-en-el-sector-19153","status":"publish","type":"post","link":"https:\/\/dralvarez.com.mx\/larevista\/yucatan\/monitoreo-y-evaluacion-de-los-programas-de-sagarpa-para-fortalecer-las-acciones-en-el-sector-19153","title":{"rendered":"Monitoreo y Evaluaci\u00f3n de los Programas de SAGARPA para fortalecer las acciones en el sector"},"content":{"rendered":"<\/p>\n<p>Con el monitoreo y evaluaci\u00f3n se puede probar el impacto que tienen<br \/>\nlos programas y orientar de mejor manera los recursos p\u00fablicos hacia las<br \/>\nacciones que mejoren resultados en beneficio de los productores agropecuarios,<br \/>\nafirm\u00f3 Pablo Castro Alcocer, Delegado de la Secretaria de Agricultura,<br \/>\nGanader\u00eda, Desarrollo Rural, Pesca y Alimentaci\u00f3n, SAGARPA en Yucat\u00e1n <\/p>\n<p>Durante el arranque de actividades del Segundo Taller Regional<br \/>\nde Planeaci\u00f3n, Monitoreo y Evaluaci\u00f3n de los programas de la SAGARPA con<br \/>\nrecursos concurrentes y que se lleva en coordinaci\u00f3n con la Organizaci\u00f3n de las<br \/>\nNaciones Unidas para la Alimentaci\u00f3n y la Agricultura (FAO), Castro Alcocer<br \/>\nse\u00f1al\u00f3 que con indicadores de gesti\u00f3n claros se puede hacer mejoras a los<br \/>\nprogramas y aplicar mejor los recursos p\u00fablicos.<\/p>\n<p>Indic\u00f3 que el taller en el que participan funcionarios federales<br \/>\ny estatales de 11 estados de la Rep\u00fablica, busca proporcionar los elementos<br \/>\nt\u00e9cnicos y herramientas necesarias para mejorar los impactos de los programas<br \/>\nde la SAGARPA y del campo; la intenci\u00f3n es que se pueda modificar el rumbo de<br \/>\nlos programas a donde m\u00e1s impacten en beneficio de nuestros productores.<\/p>\n<p>\u201cEl Secretario Jos\u00e9 Calzada Rovirosa, nos ha instruido, con la<br \/>\nmejora del dise\u00f1o de las pol\u00edticas p\u00fablicas, que los acuerdos que tenemos con<br \/>\nlos Estados se den de una manera m\u00e1s transparente, que el recurso llegue a la<br \/>\npoblaci\u00f3n\u201d se\u00f1al\u00f3 <\/p>\n<p>Asimismo, a\u00f1adi\u00f3 que la Organizaci\u00f3n de las Naciones Unidas para<br \/>\nla Alimentaci\u00f3n y la Agricultura (FAO), desde hace m\u00e1s de quince a\u00f1os, da<br \/>\nacompa\u00f1amiento t\u00e9cnico a la SAGARPA en el desarrollo de metodolog\u00edas e instrumentos<br \/>\npara la generaci\u00f3n de informaci\u00f3n sobre el desempe\u00f1o de los programas.<\/p>\n<p>\u201cEn la SAGARPA trabajamos de la mano con la FAO en el desarrollo<br \/>\nde capacidades para mejorar los esquemas de monitoreo y evaluaci\u00f3n de programas<br \/>\nagropecuarios\u201d manifest\u00f3<\/p>\n<p>Durante dos d\u00edas en el taller se capacitar\u00e1 a los funcionarios<br \/>\nde la Sagarpa y las Secretarias de Desarrollo Agropecuario de los estados<br \/>\nparticipantes, en el uso de herramientas para la planeaci\u00f3n, monitoreo y<br \/>\nevaluaci\u00f3n de los programas dirigidos a los productores agropecuarios y<br \/>\npesqueros.<\/p>\n<p>Se cont\u00f3 con la<br \/>\nasistencia de los Directores de Operaci\u00f3n y Control Regional de la SAGARPA,<br \/>\nPablo Cortes Torres; General Adjunta de Planeaci\u00f3n y Evaluaci\u00f3n, Ver\u00f3nica<br \/>\nGuti\u00e9rrez Mac\u00edas; del Proyecto SAGARPA \u2013 FAO, Leonardo P\u00e9rez Sosa; de<br \/>\nCapacitaci\u00f3n a Dependencias y Entidades Federativas de la SHCP, Lorena<br \/>\nCaballero L\u00f3pez; as\u00ed como del Gerente General de la AMSDA, Octavio Jurado<br \/>\nJu\u00e1rez.<\/p><\/p>\n","protected":false},"excerpt":{"rendered":"<p>Con el monitoreo y evaluaci\u00f3n se puede probar el impacto que tienen los programas y orientar de mejor manera los recursos p\u00fablicos hacia las acciones<\/p>\n","protected":false},"author":1018,"featured_media":0,"comment_status":"open","ping_status":"open","sticky":false,"template":"","format":"standard","meta":{"tdm_status":"","tdm_grid_status":"","footnotes":""},"categories":[21],"tags":[],"_links":{"self":[{"href":"https:\/\/dralvarez.com.mx\/larevista\/wp-json\/wp\/v2\/posts\/59534"}],"collection":[{"href":"https:\/\/dralvarez.com.mx\/larevista\/wp-json\/wp\/v2\/posts"}],"about":[{"href":"https:\/\/dralvarez.com.mx\/larevista\/wp-json\/wp\/v2\/types\/post"}],"author":[{"embeddable":true,"href":"https:\/\/dralvarez.com.mx\/larevista\/wp-json\/wp\/v2\/users\/1018"}],"replies":[{"embeddable":true,"href":"https:\/\/dralvarez.com.mx\/larevista\/wp-json\/wp\/v2\/comments?post=59534"}],"version-history":[{"count":0,"href":"https:\/\/dralvarez.com.mx\/larevista\/wp-json\/wp\/v2\/posts\/59534\/revisions"}],"wp:attachment":[{"href":"https:\/\/dralvarez.com.mx\/larevista\/wp-json\/wp\/v2\/media?parent=59534"}],"wp:term":[{"taxonomy":"category","embeddable":true,"href":"https:\/\/dralvarez.com.mx\/larevista\/wp-json\/wp\/v2\/categories?post=59534"},{"taxonomy":"post_tag","embeddable":true,"href":"https:\/\/dralvarez.com.mx\/larevista\/wp-json\/wp\/v2\/tags?post=59534"}],"curies":[{"name":"wp","href":"https:\/\/api.w.org\/{rel}","templated":true}]}}