{"id":59532,"date":"2017-10-26T00:00:00","date_gmt":"2017-10-26T06:00:00","guid":{"rendered":"https:\/\/dralvarez.com.mx\/larevista\/blog\/capacitar-sigue-profesionalizando-a-los-yucatecos-19151"},"modified":"2017-10-26T00:00:00","modified_gmt":"2017-10-26T06:00:00","slug":"capacitar-sigue-profesionalizando-a-los-yucatecos-19151","status":"publish","type":"post","link":"https:\/\/dralvarez.com.mx\/larevista\/yucatan\/capacitar-sigue-profesionalizando-a-los-yucatecos-19151","title":{"rendered":"Capacitar sigue profesionalizando a los yucatecos"},"content":{"rendered":"<\/p>\n<p>Progreso, Yucat\u00e1n, 26 de<br \/>\noctubre de 2017.- \u201cTener personal m\u00e1s capacitado nos traer\u00e1 como resultado un<br \/>\nmejor servicio y contribuir\u00e1 a mejorar su nivel profesional\u201d, expres\u00f3 el<br \/>\ntitular de la Secretar\u00eda del Trabajo y Previsi\u00f3n Social (STPS), Enrique<br \/>\nCastillo Ruz, al entregar constancias del programa Capacitar a 17 empleados de<br \/>\nSilcer Club de Playa.<\/p>\n<p>Ante el director General<br \/>\nde la compa\u00f1\u00eda, Pedro Pablo Silveira Cervera, el funcionario record\u00f3 que dicho<br \/>\nesquema se puso en marcha en abril de 2013 como respuesta a las peticiones del<br \/>\nsector empresarial y, a la fecha, ya ha beneficiado a 62 mil trabajadores.<\/p>\n<p>Asimismo, indic\u00f3 que la<br \/>\nestrategia es como un traje a la medida de las necesidades de cada firma, ya<br \/>\nque no se les impone tal o cual curso, sino que se plantean con base en los<br \/>\nrequerimientos que cada una tenga.<\/p>\n<p>En esta ocasi\u00f3n, las<br \/>\nespecialidades impartidas fueron Servicio al Cliente y Trabajo en Equipo, a<br \/>\ncargo del despacho Arrigunaga Cano, con duraci\u00f3n y 10 horas y una inversi\u00f3n de<br \/>\n10 mil pesos.<\/p>\n<p>Tras destacar que una de<br \/>\nlas prioridades en la administraci\u00f3n de Rolando Zapata Bello es el incremento<br \/>\nde la productividad laboral a trav\u00e9s de la ense\u00f1anza, el secretario sostuvo que<br \/>\nla coordinaci\u00f3n entre iniciativa privada y Gobierno da muy buenos resultados.<\/p>\n<p>Prueba de ello es que el<br \/>\n\u00edndice de desempleo en la entidad es de 1.9 por ciento, muy por debajo de la<br \/>\nmedia nacional, lo cual nos ubica entre los tres estados con menor tasa en la<br \/>\nmateria de todo el pa\u00eds, abund\u00f3.<\/p>\n<p>En representaci\u00f3n de los<br \/>\ntrabajadores, Henry Pool Poot dijo que Capacitar es un excelente programa,<br \/>\nporque impulsa a las empresas yucatecas a tener colaboradores bien preparados<br \/>\nen su campo, a fin de que puedan ofrecer un servicio \u00f3ptimo.<\/p>\n<p>Finalmente, Silveira<br \/>\nCervera expuso que la capacitaci\u00f3n y el entrenamiento permiten cubrir las<br \/>\nnecesidades de cada \u00e1rea, para alcanzar las metas y objetivos organizacionales.<\/p><\/p>\n","protected":false},"excerpt":{"rendered":"<p>M\u00e1s de 62 mil trabajadores se han beneficiado con este esquema.<\/p>\n","protected":false},"author":1018,"featured_media":0,"comment_status":"open","ping_status":"open","sticky":false,"template":"","format":"standard","meta":{"tdm_status":"","tdm_grid_status":"","footnotes":""},"categories":[21],"tags":[],"_links":{"self":[{"href":"https:\/\/dralvarez.com.mx\/larevista\/wp-json\/wp\/v2\/posts\/59532"}],"collection":[{"href":"https:\/\/dralvarez.com.mx\/larevista\/wp-json\/wp\/v2\/posts"}],"about":[{"href":"https:\/\/dralvarez.com.mx\/larevista\/wp-json\/wp\/v2\/types\/post"}],"author":[{"embeddable":true,"href":"https:\/\/dralvarez.com.mx\/larevista\/wp-json\/wp\/v2\/users\/1018"}],"replies":[{"embeddable":true,"href":"https:\/\/dralvarez.com.mx\/larevista\/wp-json\/wp\/v2\/comments?post=59532"}],"version-history":[{"count":0,"href":"https:\/\/dralvarez.com.mx\/larevista\/wp-json\/wp\/v2\/posts\/59532\/revisions"}],"wp:attachment":[{"href":"https:\/\/dralvarez.com.mx\/larevista\/wp-json\/wp\/v2\/media?parent=59532"}],"wp:term":[{"taxonomy":"category","embeddable":true,"href":"https:\/\/dralvarez.com.mx\/larevista\/wp-json\/wp\/v2\/categories?post=59532"},{"taxonomy":"post_tag","embeddable":true,"href":"https:\/\/dralvarez.com.mx\/larevista\/wp-json\/wp\/v2\/tags?post=59532"}],"curies":[{"name":"wp","href":"https:\/\/api.w.org\/{rel}","templated":true}]}}