{"id":59531,"date":"2017-10-26T00:00:00","date_gmt":"2017-10-26T06:00:00","guid":{"rendered":"https:\/\/dralvarez.com.mx\/larevista\/blog\/se-reunen-en-el-isstey-titulares-de-seguridad-social-de-campeche-y-tabasco-19150"},"modified":"2017-10-26T00:00:00","modified_gmt":"2017-10-26T06:00:00","slug":"se-reunen-en-el-isstey-titulares-de-seguridad-social-de-campeche-y-tabasco-19150","status":"publish","type":"post","link":"https:\/\/dralvarez.com.mx\/larevista\/yucatan\/se-reunen-en-el-isstey-titulares-de-seguridad-social-de-campeche-y-tabasco-19150","title":{"rendered":"Se re\u00fanen en el Isstey titulares de seguridad social de Campeche y Tabasco"},"content":{"rendered":"<p>Para intercambiar experiencias y como parte de las sesiones de trabajo de la Comisi\u00f3n Permanente de la Organizaci\u00f3n Nacional de Instituciones Estatales de Seguridad Social (Oniess), las titulares de los Institutos de Seguridad Social de Tabasco (Isset), Alicia Guadalupe Cabrales V\u00e1zquez, y de Campeche (Isstecam), Diana Eugenia Lara Gamboa, se reunieron con su hom\u00f3loga de Yucat\u00e1n, Gabriela C\u00e1ceres Vergara.<\/p>\n<p>Con la junta en M\u00e9rida, donde Tabasco firm\u00f3 su adhesi\u00f3n a la Oniess, iniciaron las tareas para fomentar el intercambio de experiencias y buenas pr\u00e1cticas, crear una plataforma con la infraestructura capaz de recabar y actualizar la informaci\u00f3n necesaria para elaborar diagn\u00f3sticos y propuestas conjuntas de fortalecimiento, y emitir recomendaciones y opiniones. <\/p>\n<p>Los funcionarios se desempe\u00f1aron en la elaboraci\u00f3n de las fichas \u201cinstitucionales\u201d, \u201ct\u00e9cnicas\u201d, \u201cindicadores\u201d y \u201cprioritarios\u201d de indicadores, mismos que ser\u00e1n analizados y enriquecidos por cada una de las vicepresidencias de la Oniess. <\/p>\n<p>Recordaron que el objetivo de la Organizaci\u00f3n es el intercambio de experiencias entre los institutos y fomentar la coordinaci\u00f3n adecuada para favorecer la cobertura, sostenibilidad y suficiencia de las prestaciones sociales de afiliados y pensionados, as\u00ed como sus beneficiarios. <\/p>\n<p>Los trabajos tambi\u00e9n forman parte del convenio firmado con el programa Socieux+, iniciativa de la Uni\u00f3n Europea para la protecci\u00f3n social, el trabajo y el empleo.<\/p>\n<p>La Oniess es la punta de lanza de un nuevo modelo de integraci\u00f3n institucional en M\u00e9xico para contar con una plataforma m\u00e1s efectiva en materia de respeto a los derechos de las personas, cuidado de las finanzas p\u00fablicas, seguimiento en temas de fiscalizaci\u00f3n, contribuci\u00f3n del ahorro, reactivaci\u00f3n de comunidades y los nuevos escenarios de mercados laborales, as\u00ed como para  tener bases de administraci\u00f3n e informaci\u00f3n mucho m\u00e1s s\u00f3lidas y ciertas.<\/p>\n<p>Por Campeche participaron, adem\u00e1s de Lara Gamboa, las directoras de Prestaciones Sociales, Rosa Margarita Arroyo Naal; Jur\u00eddica, Norma Beatriz  Cach Coll\u00ed; de Contabilidad y Presupuesto, Karine de Montserrat Escobar C\u00e1mara, y de Prestaciones Econ\u00f3micas, Magaly Asunci\u00f3n Remell\u00f3n Herrera; as\u00ed como el director de Servicios Administrativos, Ricardo Salom\u00f3n Sadek Abad y la asesora,  Laura Aguilar Hern\u00e1ndez. <\/p>\n<p>Mientras por Yucat\u00e1n estuvieron los subdirectores de Pensiones y Gesti\u00f3n Financiera, Juan Sebasti\u00e1n Ancona Escalante; y Jur\u00eddico, \u00d3scar Javier Cervera Herrera; los jefes del Departamento de Jubilados y Pensionados, Gener Jos\u00e9  C\u00e1rdenas Flores, y del Departamento de Afiliaci\u00f3n y Vigencia, Reyna Carrillo Ruz, al igual que la asesora de la Direcci\u00f3n General, Luc\u00eda Guadalupe S\u00e1nchez Villanueva.<\/p>\n<p>Asimismo, por Tabasco, adem\u00e1s de Cabrales V\u00e1zquez, la directora Administrativa, Griselda D\u00edaz Rodr\u00edguez y el apoyo Ejecutivo,  Carolina Acosta G\u00f3mez.<\/p>\n","protected":false},"excerpt":{"rendered":"<p>Buscan la eficiencia y sostenibilidad de los servicios para los trabajadores.<\/p>\n","protected":false},"author":1018,"featured_media":0,"comment_status":"open","ping_status":"open","sticky":false,"template":"","format":"standard","meta":{"tdm_status":"","tdm_grid_status":"","footnotes":""},"categories":[21],"tags":[],"_links":{"self":[{"href":"https:\/\/dralvarez.com.mx\/larevista\/wp-json\/wp\/v2\/posts\/59531"}],"collection":[{"href":"https:\/\/dralvarez.com.mx\/larevista\/wp-json\/wp\/v2\/posts"}],"about":[{"href":"https:\/\/dralvarez.com.mx\/larevista\/wp-json\/wp\/v2\/types\/post"}],"author":[{"embeddable":true,"href":"https:\/\/dralvarez.com.mx\/larevista\/wp-json\/wp\/v2\/users\/1018"}],"replies":[{"embeddable":true,"href":"https:\/\/dralvarez.com.mx\/larevista\/wp-json\/wp\/v2\/comments?post=59531"}],"version-history":[{"count":0,"href":"https:\/\/dralvarez.com.mx\/larevista\/wp-json\/wp\/v2\/posts\/59531\/revisions"}],"wp:attachment":[{"href":"https:\/\/dralvarez.com.mx\/larevista\/wp-json\/wp\/v2\/media?parent=59531"}],"wp:term":[{"taxonomy":"category","embeddable":true,"href":"https:\/\/dralvarez.com.mx\/larevista\/wp-json\/wp\/v2\/categories?post=59531"},{"taxonomy":"post_tag","embeddable":true,"href":"https:\/\/dralvarez.com.mx\/larevista\/wp-json\/wp\/v2\/tags?post=59531"}],"curies":[{"name":"wp","href":"https:\/\/api.w.org\/{rel}","templated":true}]}}