{"id":59527,"date":"2017-10-26T00:00:00","date_gmt":"2017-10-26T06:00:00","guid":{"rendered":"https:\/\/dralvarez.com.mx\/larevista\/blog\/la-juventud-es-clave-para-que-yucatan-avance-19146"},"modified":"2017-10-26T00:00:00","modified_gmt":"2017-10-26T06:00:00","slug":"la-juventud-es-clave-para-que-yucatan-avance-19146","status":"publish","type":"post","link":"https:\/\/dralvarez.com.mx\/larevista\/yucatan\/la-juventud-es-clave-para-que-yucatan-avance-19146","title":{"rendered":"La juventud es clave para que Yucat\u00e1n avance"},"content":{"rendered":"<\/p>\n<p>M\u00e9rida,<br \/>\nYucat\u00e1n, 25 de octubre de 2017.- Ante universitarios, el titular de la<br \/>\nSecretar\u00eda de Desarrollo Social (Sedesol), Mauricio Sahu\u00ed Rivero, afirm\u00f3 que la<br \/>\nf\u00f3rmula para que Yucat\u00e1n siga adelante son sus j\u00f3venes por lo que su<br \/>\npreparaci\u00f3n ser\u00e1 clave para el presente y futuro del estado.<\/p>\n<p>En el marco<br \/>\ndel foro \u201cLa educaci\u00f3n como instrumento del desarrollo social\u201d que organiz\u00f3 el<br \/>\nCentro Universitario Rep\u00fablica de M\u00e9xico, indic\u00f3 que mientras m\u00e1s competencias<br \/>\npuedan adquirir, podr\u00e1n asumir con mayor dinamismo proyectos que hoy est\u00e1n definidos<br \/>\ny que siguiendo la ruta trazada se pueden consolidar en la entidad.<\/p>\n<p>\u201cYucat\u00e1n va<br \/>\nbien y la f\u00f3rmula para que siga hacia adelante son sus j\u00f3venes, los cuales<br \/>\ntienen que poner de su parte y prepararse para cimentar el futuro con su<br \/>\ncapacidad y conocimientos\u201d recalc\u00f3.<\/p>\n<p>El<br \/>\nfuncionario indic\u00f3 que desde el Gobierno del Estado que encabeza Rolando Zapata<br \/>\nBello se trabaja en promover la equidad social que junto con el fortalecimiento<br \/>\ndel capital humano de cada joven permitir\u00e1 a m\u00e1s personas tener las mismas oportunidades<br \/>\nde crecimiento.<\/p>\n<p>Para ello,<br \/>\nse\u00f1al\u00f3, en cada acci\u00f3n que se realiza es importante aplicar la frase \u201cno le des<br \/>\nel pescado, ens\u00e9\u00f1ale a pescar\u201d.<\/p>\n<p>Dijo que por<br \/>\nesa raz\u00f3n se generan esquemas de becas para brindar m\u00e1s oportunidades a quienes<br \/>\naspiran prepararse y ser agentes de cambio en una sociedad cada vez m\u00e1s<br \/>\ncompetitiva.<\/p>\n<p>\u201cQueremos<br \/>\nque lleguen m\u00e1s inversiones, que nuestra econom\u00eda crezca y ustedes que est\u00e1n<br \/>\nhoy ocupando una silla en un sal\u00f3n de clases son afortunados porque est\u00e1n<br \/>\nadquiriendo mayores competencias para integrarse a la din\u00e1mica p\u00fablica y<br \/>\nprivada que permitir\u00e1 mantenernos por la ruta trazada\u201d, apunt\u00f3.<\/p>\n<p>Con la<br \/>\npresencia del director general del Centro Universitario Rep\u00fablica de M\u00e9xico,<br \/>\nManuel Jes\u00fas Herrera Cetina, Sahu\u00ed Rivero explic\u00f3 las acciones que emprende la<br \/>\nSedesol en materia de combate a la pobreza.<\/p>\n<p>Destac\u00f3 que<br \/>\nla estrategia integral de atenci\u00f3n a la infraestructura social b\u00e1sica<br \/>\n\u201cMejorar\u201d, que impuls\u00f3 m\u00e1s de 69 mil acciones de vivienda entre ba\u00f1os, pisos,<br \/>\ncuartos y estufas ecol\u00f3gicas lo que permiti\u00f3 reducir los \u00edndices de pobreza y<br \/>\npobreza extrema.<\/p>\n<p>\u201cCon estas<br \/>\nobras se evita el fecalismo al aire libre, el hacinamiento, evitar respirar el<br \/>\nhumo de la le\u00f1a, reducir la posibilidad de accidentes y diversas enfermedades,<br \/>\nlas familias aprenden que con mejores condiciones para vivir tienen mayores<br \/>\noportunidades de ahorrar, que sus ni\u00f1os est\u00e9n  m\u00e1s sanos y vayan a la<br \/>\nescuela con todos los elementos y que su repercusi\u00f3n sea llegar preparados a la<br \/>\nedad adulta y tener una mejor calidad de vida\u201d, enfatiz\u00f3.<\/p>\n<p>En el evento<br \/>\ntambi\u00e9n estuvieron presentes la directora acad\u00e9mica, Irene Valentina Herrera<br \/>\nCetina y el subdirector de la instituci\u00f3n, Arm\u00edn Efr\u00e9n Poot Ojeda.<\/p><\/p>\n","protected":false},"excerpt":{"rendered":"<p>Encuentro del titular de Sedesol con universitarios.<\/p>\n","protected":false},"author":1018,"featured_media":0,"comment_status":"open","ping_status":"open","sticky":false,"template":"","format":"standard","meta":{"tdm_status":"","tdm_grid_status":"","footnotes":""},"categories":[21],"tags":[],"_links":{"self":[{"href":"https:\/\/dralvarez.com.mx\/larevista\/wp-json\/wp\/v2\/posts\/59527"}],"collection":[{"href":"https:\/\/dralvarez.com.mx\/larevista\/wp-json\/wp\/v2\/posts"}],"about":[{"href":"https:\/\/dralvarez.com.mx\/larevista\/wp-json\/wp\/v2\/types\/post"}],"author":[{"embeddable":true,"href":"https:\/\/dralvarez.com.mx\/larevista\/wp-json\/wp\/v2\/users\/1018"}],"replies":[{"embeddable":true,"href":"https:\/\/dralvarez.com.mx\/larevista\/wp-json\/wp\/v2\/comments?post=59527"}],"version-history":[{"count":0,"href":"https:\/\/dralvarez.com.mx\/larevista\/wp-json\/wp\/v2\/posts\/59527\/revisions"}],"wp:attachment":[{"href":"https:\/\/dralvarez.com.mx\/larevista\/wp-json\/wp\/v2\/media?parent=59527"}],"wp:term":[{"taxonomy":"category","embeddable":true,"href":"https:\/\/dralvarez.com.mx\/larevista\/wp-json\/wp\/v2\/categories?post=59527"},{"taxonomy":"post_tag","embeddable":true,"href":"https:\/\/dralvarez.com.mx\/larevista\/wp-json\/wp\/v2\/tags?post=59527"}],"curies":[{"name":"wp","href":"https:\/\/api.w.org\/{rel}","templated":true}]}}