{"id":59525,"date":"2017-10-26T00:00:00","date_gmt":"2017-10-26T06:00:00","guid":{"rendered":"https:\/\/dralvarez.com.mx\/larevista\/blog\/informa-la-policia-sobre-cierre-de-calles-con-motivo-de-el-paseo-de-las-animas-19144"},"modified":"2017-10-26T00:00:00","modified_gmt":"2017-10-26T06:00:00","slug":"informa-la-policia-sobre-cierre-de-calles-con-motivo-de-el-paseo-de-las-animas-19144","status":"publish","type":"post","link":"https:\/\/dralvarez.com.mx\/larevista\/yucatan\/informa-la-policia-sobre-cierre-de-calles-con-motivo-de-el-paseo-de-las-animas-19144","title":{"rendered":"Informa la polic\u00eda sobre cierre de calles con motivo de \u201cEl paseo de las \u00e1nimas\u201d"},"content":{"rendered":"<p>La Polic\u00eda Municipal de M\u00e9rida y  la Secretar\u00eda de Seguridad P\u00fablica pondr\u00e1n en marcha de manera coordinada una operaci\u00f3n de seguridad p\u00fablica y de vialidad durante \u201cEl Paseo de las \u00c1nimas\u201d que se llevar\u00e1 al cabo el pr\u00f3ximo viernes 27 de octubre.<\/p>\n<p>Ese d\u00eda se cerrar\u00e1n las calles que forman el derrotero de ese tradicional evento, que va sobre la calle 66 del Cementerio General de la 77 a la 95, y la calle 64 de la 77 a la 69.<\/p>\n<p>La calle 66 en sus cruces con las 77 y 79 se cerrar\u00e1n, ese d\u00eda, a partir de las 11:00 horas, debido a la instalaci\u00f3n de una tarima. <\/p>\n<p>Los dem\u00e1s cierres se realizar\u00e1n a partir de las 15:00 horas y se reabrir\u00e1n al concluir el evento, conforme la afluencia de personas as\u00ed lo permita. <\/p>\n<p>A fin de reducir al m\u00e1ximo el perjuicio al flujo vial, los cruces de las calles 69, 71, 73, y 87 de la calle 64 se mantendr\u00e1n con cierres parciales al paso de veh\u00edculos, dependiendo del n\u00famero de personas que caminen por esa arteria.<\/p>\n<p>Como v\u00edas alternas al tr\u00e1nsito de veh\u00edculos los ciudadanos podr\u00e1n utilizar las calles 60, 62, 68, y 70.<\/p>\n<p>Finalmente la Polic\u00eda Municipal de M\u00e9rida informa que los cierres de calle podr\u00e1n ser consultados a trav\u00e9s de las redes sociales, en la cuenta del twitter @PoliciaMeridaMX y en los anuncios que pr\u00f3ximamente publicar\u00e1 el Ayuntamiento de M\u00e9rida en otros medios de comunicaci\u00f3n.<\/p>\n","protected":false},"excerpt":{"rendered":"<p>La Polic\u00eda Municipal de M\u00e9rida y  la Secretar\u00eda de Seguridad P\u00fablica pondr\u00e1n en marcha de manera coordinada una operaci\u00f3n de seguridad p\u00fablica y de vi<\/p>\n","protected":false},"author":1018,"featured_media":0,"comment_status":"open","ping_status":"open","sticky":false,"template":"","format":"standard","meta":{"tdm_status":"","tdm_grid_status":"","footnotes":""},"categories":[21],"tags":[],"_links":{"self":[{"href":"https:\/\/dralvarez.com.mx\/larevista\/wp-json\/wp\/v2\/posts\/59525"}],"collection":[{"href":"https:\/\/dralvarez.com.mx\/larevista\/wp-json\/wp\/v2\/posts"}],"about":[{"href":"https:\/\/dralvarez.com.mx\/larevista\/wp-json\/wp\/v2\/types\/post"}],"author":[{"embeddable":true,"href":"https:\/\/dralvarez.com.mx\/larevista\/wp-json\/wp\/v2\/users\/1018"}],"replies":[{"embeddable":true,"href":"https:\/\/dralvarez.com.mx\/larevista\/wp-json\/wp\/v2\/comments?post=59525"}],"version-history":[{"count":0,"href":"https:\/\/dralvarez.com.mx\/larevista\/wp-json\/wp\/v2\/posts\/59525\/revisions"}],"wp:attachment":[{"href":"https:\/\/dralvarez.com.mx\/larevista\/wp-json\/wp\/v2\/media?parent=59525"}],"wp:term":[{"taxonomy":"category","embeddable":true,"href":"https:\/\/dralvarez.com.mx\/larevista\/wp-json\/wp\/v2\/categories?post=59525"},{"taxonomy":"post_tag","embeddable":true,"href":"https:\/\/dralvarez.com.mx\/larevista\/wp-json\/wp\/v2\/tags?post=59525"}],"curies":[{"name":"wp","href":"https:\/\/api.w.org\/{rel}","templated":true}]}}