{"id":59524,"date":"2017-10-26T00:00:00","date_gmt":"2017-10-26T06:00:00","guid":{"rendered":"https:\/\/dralvarez.com.mx\/larevista\/blog\/actuar-con-legalidad-para-combatir-la-impunidad-ombudsman-19143"},"modified":"2017-10-26T00:00:00","modified_gmt":"2017-10-26T06:00:00","slug":"actuar-con-legalidad-para-combatir-la-impunidad-ombudsman-19143","status":"publish","type":"post","link":"https:\/\/dralvarez.com.mx\/larevista\/yucatan\/actuar-con-legalidad-para-combatir-la-impunidad-ombudsman-19143","title":{"rendered":"Actuar con legalidad para combatir la impunidad: Ombudsman"},"content":{"rendered":"<p>M\u00e9rida, Yucat\u00e1n a 25 de octubre de 2016.-  Con un llamado a realizar una labor apegada a la legalidad como una medida para combatir la impunidad, este d\u00eda finaliz\u00f3 la capacitaci\u00f3n a personal militar de la entidad por parte del personal de la Comisi\u00f3n de Derechos Humanos del Estado de Yucat\u00e1n (CODHEY).<\/p>\n<p>En el acto de clausura, el Ombudsman, Jos\u00e9 Enrique Goff Ailloud pidi\u00f3 a los elementos pertenecientes a la Base A\u00e9rea Militar No. 8, 11\/o. Batall\u00f3n de Infanter\u00eda, 7\/o. Batall\u00f3n de Ingenieros de Combate y 20\/o. Regimiento de Caballer\u00eda Motorizado realizar su trabajo con pleno respeto a los derechos de los ciudadanos.<\/p>\n<p>Reconoci\u00f3 que durante el ejercicio de sus labores se enfrentan a situaciones donde, en muchas ocasiones, es necesario el uso de la fuerza que no debe confundirse con ejercer violencia.<\/p>\n<p>\u201cHay que dejar en claro que no somos defensores de delincuentes, por el contrario, queremos justicia para las v\u00edctimas y que las personas que cometieron delitos sean sometidos a procesos que no sean entorpecidos por violaciones a la legalidad\u201d, indic\u00f3.<\/p>\n<p>En la ceremonia de clausura del curso, que inici\u00f3 el 17 y finaliz\u00f3 este d\u00eda,  estuvo presente el Jefe de Estado Mayor de la 32a. Zona Militar, H\u00e9ctor Delgado Jim\u00e9nez, destac\u00f3 que el objetivo de las jornadas es capacitar, adiestrar y profesionalizar al personal militar en materia de derechos humanos y derecho internacional humanitario como parte de una estrategia nacional.<\/p>\n<p>Al finalizar el curso denominado \u201cCapacitaci\u00f3n en apoyo al programa de promoci\u00f3n y fortalecimiento de los derechos humanos y derecho internacional humanitario S.D.N. 2015-2018\u201d, se entregaron reconocimientos al personal, as\u00ed como a los capacitadores de la CODHEY.<\/p>\n","protected":false},"excerpt":{"rendered":"<p>Concluye curso de capacitaci\u00f3n a personal militar de Yucat\u00e1n.<\/p>\n","protected":false},"author":1018,"featured_media":0,"comment_status":"open","ping_status":"open","sticky":false,"template":"","format":"standard","meta":{"tdm_status":"","tdm_grid_status":"","footnotes":""},"categories":[21],"tags":[],"_links":{"self":[{"href":"https:\/\/dralvarez.com.mx\/larevista\/wp-json\/wp\/v2\/posts\/59524"}],"collection":[{"href":"https:\/\/dralvarez.com.mx\/larevista\/wp-json\/wp\/v2\/posts"}],"about":[{"href":"https:\/\/dralvarez.com.mx\/larevista\/wp-json\/wp\/v2\/types\/post"}],"author":[{"embeddable":true,"href":"https:\/\/dralvarez.com.mx\/larevista\/wp-json\/wp\/v2\/users\/1018"}],"replies":[{"embeddable":true,"href":"https:\/\/dralvarez.com.mx\/larevista\/wp-json\/wp\/v2\/comments?post=59524"}],"version-history":[{"count":0,"href":"https:\/\/dralvarez.com.mx\/larevista\/wp-json\/wp\/v2\/posts\/59524\/revisions"}],"wp:attachment":[{"href":"https:\/\/dralvarez.com.mx\/larevista\/wp-json\/wp\/v2\/media?parent=59524"}],"wp:term":[{"taxonomy":"category","embeddable":true,"href":"https:\/\/dralvarez.com.mx\/larevista\/wp-json\/wp\/v2\/categories?post=59524"},{"taxonomy":"post_tag","embeddable":true,"href":"https:\/\/dralvarez.com.mx\/larevista\/wp-json\/wp\/v2\/tags?post=59524"}],"curies":[{"name":"wp","href":"https:\/\/api.w.org\/{rel}","templated":true}]}}