{"id":59513,"date":"2017-10-26T00:00:00","date_gmt":"2017-10-26T06:00:00","guid":{"rendered":"https:\/\/dralvarez.com.mx\/larevista\/blog\/campeche-se-suma-a-modelo-nacional-de-emprendedores-19132"},"modified":"2017-10-26T00:00:00","modified_gmt":"2017-10-26T06:00:00","slug":"campeche-se-suma-a-modelo-nacional-de-emprendedores-19132","status":"publish","type":"post","link":"https:\/\/dralvarez.com.mx\/larevista\/compeche\/campeche-se-suma-a-modelo-nacional-de-emprendedores-19132","title":{"rendered":"Campeche se suma a modelo nacional de emprendedores"},"content":{"rendered":"<p>Bajo el prop\u00f3sito de fomentar e incentivar competencias emprendedoras desde los centros educativos, el Estado de Campeche se sum\u00f3 al Modelo de Emprendedores para la de Educaci\u00f3n Media Superior (MEEMS) que desarrolla la Secretar\u00eda de Educaci\u00f3n P\u00fablica (SEP), a trav\u00e9s de la Subsecretar\u00eda de este nivel educativo.<\/p>\n<p>As\u00ed lo dio a conocer el director de Educaci\u00f3n Media Superior de la Secretar\u00eda de Educaci\u00f3n de Campeche (SEDUC), Carlos Figueroa Balam, quien se\u00f1al\u00f3 que a trav\u00e9s de este modelo se pretende que los j\u00f3venes que cursan el bachillerato, desarrollen competencias emprendedoras para comunicarse, ejercer su liderazgo, al mismo tiempo que les permita tomar decisiones que ampl\u00eden sus alternativas de futuro.<\/p>\n<p>\u201cLa Subsecretar\u00eda de Educaci\u00f3n Media Superior lanz\u00f3 este modelo de emprendedores y de esta forma con la integraci\u00f3n de 39 planteles de diversos subsistemas de bachillerato, nos estamos sumando para contar en nuestros centros escolares con agentes de cambio para lograr el desarrollo econ\u00f3mico del Estado y del pa\u00eds\u201d, se\u00f1al\u00f3.<\/p>\n<p>Figueroa Balam detall\u00f3 que actualmente el MEEMS se ha desplegado en m\u00e1s de tres mil 400 planteles a nivel nacional; la meta para el presente a\u00f1o es acercar a mil 500 m\u00e1s y capacitar a tres mil docentes y directivos sobre estrategias de formaci\u00f3n y difusi\u00f3n de la cultura emprendedora en sus colegios.<\/p>\n<p>En este sentido, precis\u00f3 que Campeche se suma a esta estrategia nacional con 39 planteles, y dentro de estos se contemplan a los subsistemas del Colegio de Bachilleres (COBACAM); Telebachillerato Comunitario; el Instituto de Capacitaci\u00f3n para el Trabajo (ICATCAM); el Instituto Campechano; y las preparatorias estatales por cooperaci\u00f3n \u201cFernando Enrique Angli Lara\u201d, as\u00ed como el centro escolar \u201cChampot\u00f3n\u201d.<\/p>\n<p>Asimismo, signific\u00f3 que ya se han realizado talleres de capacitaci\u00f3n a los directivos en temas de emprendimiento para que, a partir de ello, se elabore un plan de acci\u00f3n, a trav\u00e9s del cual, se pueda poner en marcha un centro emprendedor en estos colegios y fortalecer  la vinculaci\u00f3n en este rubro.<\/p>\n","protected":false},"excerpt":{"rendered":"<p>*39 planteles de bachillerato fomentar\u00e1n competencias emprendedoras en sus alumnos.<\/p>\n","protected":false},"author":1018,"featured_media":0,"comment_status":"open","ping_status":"open","sticky":false,"template":"","format":"standard","meta":{"tdm_status":"","tdm_grid_status":"","footnotes":""},"categories":[27],"tags":[],"_links":{"self":[{"href":"https:\/\/dralvarez.com.mx\/larevista\/wp-json\/wp\/v2\/posts\/59513"}],"collection":[{"href":"https:\/\/dralvarez.com.mx\/larevista\/wp-json\/wp\/v2\/posts"}],"about":[{"href":"https:\/\/dralvarez.com.mx\/larevista\/wp-json\/wp\/v2\/types\/post"}],"author":[{"embeddable":true,"href":"https:\/\/dralvarez.com.mx\/larevista\/wp-json\/wp\/v2\/users\/1018"}],"replies":[{"embeddable":true,"href":"https:\/\/dralvarez.com.mx\/larevista\/wp-json\/wp\/v2\/comments?post=59513"}],"version-history":[{"count":0,"href":"https:\/\/dralvarez.com.mx\/larevista\/wp-json\/wp\/v2\/posts\/59513\/revisions"}],"wp:attachment":[{"href":"https:\/\/dralvarez.com.mx\/larevista\/wp-json\/wp\/v2\/media?parent=59513"}],"wp:term":[{"taxonomy":"category","embeddable":true,"href":"https:\/\/dralvarez.com.mx\/larevista\/wp-json\/wp\/v2\/categories?post=59513"},{"taxonomy":"post_tag","embeddable":true,"href":"https:\/\/dralvarez.com.mx\/larevista\/wp-json\/wp\/v2\/tags?post=59513"}],"curies":[{"name":"wp","href":"https:\/\/api.w.org\/{rel}","templated":true}]}}