{"id":59510,"date":"2017-10-26T00:00:00","date_gmt":"2017-10-26T06:00:00","guid":{"rendered":"https:\/\/dralvarez.com.mx\/larevista\/blog\/gobernador-amc-y-secretario-de-educacion-firman-convenio-de-apoyo-financiero-a-la-universidad-ic-19129"},"modified":"2017-10-26T00:00:00","modified_gmt":"2017-10-26T06:00:00","slug":"gobernador-amc-y-secretario-de-educacion-firman-convenio-de-apoyo-financiero-a-la-universidad-ic-19129","status":"publish","type":"post","link":"https:\/\/dralvarez.com.mx\/larevista\/compeche\/gobernador-amc-y-secretario-de-educacion-firman-convenio-de-apoyo-financiero-a-la-universidad-ic-19129","title":{"rendered":"Gobernador AMC y Secretario de Educaci\u00f3n firman convenio de apoyo financiero a la Universidad IC"},"content":{"rendered":"<p>El gobernador Alejandro Moreno C\u00e1rdenas y el secretario de Educaci\u00f3n P\u00fablica, Aurelio Nu\u00f1o Mayer, firmaron como testigos de honor un convenio mediante el cual la SEP destinar\u00e1 recursos a la Universidad \u201cInstituto Campechano\u201d,  para fortalecer sus programas educativos. <\/p>\n<p>Tras la suscripci\u00f3n del acuerdo, Moreno C\u00e1rdenas asegur\u00f3 que el pa\u00eds cuenta con un sistema educativo donde los estudiantes aprenden y no memorizan, ya que la prioridad es que los alumnos tengan capacidad de entendimiento y an\u00e1lisis.<\/p>\n<p>En el teatro \u201cIng. Ricardo Hern\u00e1ndez C\u00e1rdenas\u201d, donde se reunieron m\u00e1s de 500 estudiantes, maestros y personal docente, dijo que lo m\u00e1s importante de la reforma educativa es que se contar\u00e1 con docentes m\u00e1s capacitados que puedan transmitir de mejor manera sus conocimientos a los educandos. <\/p>\n<p>\u201cEl siglo XX fue el siglo de la cobertura educativa, el siglo XXI ser\u00e1 el de la calidad educativa, pues con la reforma educativa se impulsa la mejor preparaci\u00f3n de los maestros y se recompensa su capacitaci\u00f3n y esfuerzo\u201d, expres\u00f3.<\/p>\n<p>Dijo que la firma del acuerdo deja en claro el compromiso del Gobierno de la Republica para apoyar a la Universidad IC, que es una instituci\u00f3n orgullo de todos los ciudadanos, ya que en ella estudiaron campechanos que han puesto en alto el nombre de Campeche, como H\u00e9ctor P\u00e9rez Mart\u00ednez, Jorge Carpizo y Mar\u00eda Lavalle Urbina. <\/p>\n<p>El mandatario estatal coment\u00f3 que hoy el Instituto Campechano da un gran paso, pues gracias al convenio se fortalecer\u00e1 financieramente y le dar\u00e1 la oportunidad de demostrar que cada peso que se invierte en el sector educativo es para beneficio de los estudiantes.<\/p>\n<p>\u201cEs una instituci\u00f3n que ha formado a miles de mujeres y hombres que hoy prestigian, le dan nombre, sentido, rumbo y ponen el ejemplo de que los campechanos somos un pueblo de car\u00e1cter, vigor y voluntad\u201d, se\u00f1al\u00f3.<\/p>\n<p>Previamente, Nu\u00f1o Mayer hizo un reconocimiento al mandatario campechano por el esfuerzo que ha hecho en materia educativa, pues hoy Campeche va a la vanguardia del cambio, la transformaci\u00f3n y revoluci\u00f3n educativa que ha iniciado el presidente de la Rep\u00fablica Enrique Pe\u00f1a Nieto.<\/p>\n<p>Dijo que la Universidad \u201cInstituto Campechano\u201d es una instituci\u00f3n que ha inspirado a M\u00e9xico, Am\u00e9rica Latina y el mundo iberoamericano, ya que ha sido formadora de generaciones de grandes campechanos y mexicanos, entre ellos  Jos\u00e9 Vasconcelos, primer Secretario de Educaci\u00f3n que cumpli\u00f3 el sue\u00f1o de cambiar y transformar al pa\u00eds, al llevar el conocimiento hasta el \u00faltimo rinc\u00f3n de las entidades federativas. <\/p>\n<p>En el marco de su gira por el estado, se\u00f1al\u00f3 que hoy el pa\u00eds es uno de los cinco sistemas de educaci\u00f3n p\u00fablica m\u00e1s grandes del mundo, con 35 millones de habitantes, dos millones de maestros y m\u00e1s de 260 mil edificios educativos. <\/p>\n<p>\u201cEl presidente Enrique Pe\u00f1a Nieto inici\u00f3 una segunda revoluci\u00f3n educativa, la del Siglo XXI; el siglo XX fue el sue\u00f1o de la cobertura y hoy el gran sue\u00f1o es que M\u00e9xico tenga una gran educaci\u00f3n de calidad, ese es el gran reto\u201d, sostuvo.<br \/>&nbsp; <br \/>Por su parte, el rector del IC, Fernando Sandoval Castellanos, agradeci\u00f3 al presidente Enrique Pe\u00f1a Nieto por apoyar la iniciativa del gobernador Moreno C\u00e1rdenas para reconocer como Universidad P\u00fablica Estatal al Instituto Campechano, pues de esta manera refrenda el compromiso que tiene el gobierno federal con la educaci\u00f3n, como elemento para el desarrollo de la sociedad. <\/p>\n<p>Antes, en el jard\u00edn central de la benem\u00e9rita universidad, el titular del Ejecutivo estatal, el secretario de Educaci\u00f3n federal y el rector del IC se tomaron la fotograf\u00eda oficial, al pie de la estatua de Jos\u00e9 Vasconcelos.<\/p>\n<p>El convenio fue suscrito por el subsecretario de Educaci\u00f3n Superior de la SEP, Salvador Jara Guerrero, y el rector del IC, Fernando Sandoval Castellanos.<br \/>&nbsp; <br \/>Asistieron los presidentes de la Junta de Gobierno y Administraci\u00f3n del Congreso, Ram\u00f3n M\u00e9ndez Lanz, y del Tribunal Superior de Justicia, Miguel \u00c1ngel Chuc L\u00f3pez; el secretario de Educaci\u00f3n del estado, Ricardo Medina Farf\u00e1n, y el alcalde de Campeche, Edgar Hern\u00e1ndez Hern\u00e1ndez. <\/p>\n","protected":false},"excerpt":{"rendered":"<p>El gobernador Alejandro Moreno C\u00e1rdenas y el secretario de Educaci\u00f3n P\u00fablica, Aurelio Nu\u00f1o Mayer, firmaron como testigos de honor un convenio mediante<\/p>\n","protected":false},"author":1018,"featured_media":0,"comment_status":"open","ping_status":"open","sticky":false,"template":"","format":"standard","meta":{"tdm_status":"","tdm_grid_status":"","footnotes":""},"categories":[27],"tags":[],"_links":{"self":[{"href":"https:\/\/dralvarez.com.mx\/larevista\/wp-json\/wp\/v2\/posts\/59510"}],"collection":[{"href":"https:\/\/dralvarez.com.mx\/larevista\/wp-json\/wp\/v2\/posts"}],"about":[{"href":"https:\/\/dralvarez.com.mx\/larevista\/wp-json\/wp\/v2\/types\/post"}],"author":[{"embeddable":true,"href":"https:\/\/dralvarez.com.mx\/larevista\/wp-json\/wp\/v2\/users\/1018"}],"replies":[{"embeddable":true,"href":"https:\/\/dralvarez.com.mx\/larevista\/wp-json\/wp\/v2\/comments?post=59510"}],"version-history":[{"count":0,"href":"https:\/\/dralvarez.com.mx\/larevista\/wp-json\/wp\/v2\/posts\/59510\/revisions"}],"wp:attachment":[{"href":"https:\/\/dralvarez.com.mx\/larevista\/wp-json\/wp\/v2\/media?parent=59510"}],"wp:term":[{"taxonomy":"category","embeddable":true,"href":"https:\/\/dralvarez.com.mx\/larevista\/wp-json\/wp\/v2\/categories?post=59510"},{"taxonomy":"post_tag","embeddable":true,"href":"https:\/\/dralvarez.com.mx\/larevista\/wp-json\/wp\/v2\/tags?post=59510"}],"curies":[{"name":"wp","href":"https:\/\/api.w.org\/{rel}","templated":true}]}}