{"id":59508,"date":"2017-10-26T00:00:00","date_gmt":"2017-10-26T06:00:00","guid":{"rendered":"https:\/\/dralvarez.com.mx\/larevista\/blog\/alcalde-ehh-refrenda-compromiso-con-la-rendicion-de-cuentas-19127"},"modified":"2017-10-26T00:00:00","modified_gmt":"2017-10-26T06:00:00","slug":"alcalde-ehh-refrenda-compromiso-con-la-rendicion-de-cuentas-19127","status":"publish","type":"post","link":"https:\/\/dralvarez.com.mx\/larevista\/compeche\/alcalde-ehh-refrenda-compromiso-con-la-rendicion-de-cuentas-19127","title":{"rendered":"Alcalde EHH refrenda compromiso con la rendici\u00f3n de cuentas"},"content":{"rendered":"<\/p>\n<p>Al inaugurar las<br \/>\nConferencias y Talleres de Fortalecimiento del Subsistema Municipal de Control<br \/>\ny Evaluaci\u00f3n de la Gesti\u00f3n P\u00fablica y Colaboraci\u00f3n en Materia de Transparencia y<br \/>\nCombate a la Corrupci\u00f3n, el alcalde de Campeche, Edgar Hern\u00e1ndez Hern\u00e1ndez<br \/>\nrefrend\u00f3 su compromiso con la transparencia, la honestidad y la rendici\u00f3n de<br \/>\ncuentas y afirm\u00f3 que la transparencia debe ser un aliado para legitimar el<br \/>\nactuar de la autoridad y recuperar la credibilidad y la confianza de la gente.<\/p>\n<p>En el acto, la titular<br \/>\nde la Secretar\u00eda de la Contralor\u00eda estatal, Laura Luna Garc\u00eda, agradeci\u00f3 la<br \/>\ncolaboraci\u00f3n de las autoridades municipales para llevar a cabo el acuerdo<br \/>\nespec\u00edfico de colaboraci\u00f3n y la realizaci\u00f3n de las conferencias y talleres.<\/p>\n<p>Acompa\u00f1ado de la<br \/>\ntitular de la Secretar\u00eda de la Contralor\u00eda del Gobierno del Estado, Laura Luna<br \/>\nGarc\u00eda, as\u00ed como de las titulares de Administraci\u00f3n y Calidad y de la<br \/>\nContralor\u00eda Municipal, Roc\u00edo Cruz Carillo e Ileana Richaud Santiesteban,<br \/>\nrespectivamente, el Presidente Municipal de Campeche destac\u00f3 la importancia de<br \/>\nlos cursos inaugurados, pues as\u00ed se concreta en hechos y no s\u00f3lo en buenos<br \/>\nprop\u00f3sitos el acuerdo con la SECONT estatal.<\/p>\n<p>\u201cHoy, m\u00e1s que una<br \/>\npol\u00edtica p\u00fablica, la prevenci\u00f3n, detecci\u00f3n y sanci\u00f3n de responsabilidades<br \/>\nadministrativas y hechos de corrupci\u00f3n es un mandato constitucional, previsto<br \/>\nen el Art\u00edculo 113 de nuestra Carta Magna Federal\u201d, subray\u00f3 en su mensaje ante<br \/>\nservidores p\u00fablicos municipales.<\/p>\n<p>Destac\u00f3 que lejos<br \/>\nquedaron los tiempos en que las autoridades suscrib\u00edan acuerdos que se<br \/>\nguardaban en el archivero, \u201choy, hoy se cumplen a la letra del compromiso<br \/>\ncontra\u00eddo y eso nos ha permitido una eficaz coordinaci\u00f3n de acciones que<br \/>\nsiguiendo la pol\u00edtica del gobernador Alejandro Moreno C\u00e1rdenas nos permiten<br \/>\nconformar un solo equipo para la transformaci\u00f3n del estado y crecer en grande\u201d.<\/p>\n<p>Hern\u00e1ndez Hern\u00e1ndez se<br \/>\ndijo convencido de que no puede haber ni progreso ni transformaci\u00f3n alguna<br \/>\ndonde prevalece la corrupci\u00f3n, la falta de transparencia y una disimulada<br \/>\nrendici\u00f3n de cuentas.<\/p>\n<p>\u201cRecurrir a la carencia<br \/>\nde recursos para no rendir cuentas o rendirlas a medias ya no es v\u00e1lido.<br \/>\nTenemos la convicci\u00f3n de que la transparencia no es s\u00f3lo publicar cuentas sino<br \/>\nsocializarlo todo y que la informaci\u00f3n sea accesible para que cualquier<br \/>\nciudadano sepa en qu\u00e9 se gasta el dinero p\u00fablico\u201d, sostuvo.<\/p>\n<p>\u201cHoy eso es una<br \/>\nexigencia, los servidores p\u00fablicos, sean estatales, federales, y muy<br \/>\nespecialmente municipales, debemos convertir la transparencia en un aliado, no<br \/>\nen un enemigo, para as\u00ed legitimar el actuar de la autoridad y recuperar la<br \/>\ncredibilidad y la confianza de la gente\u201d, signific\u00f3.<\/p><\/p>\n","protected":false},"excerpt":{"rendered":"<p>El alcalde Edgar Hern\u00e1ndez Hern\u00e1ndez refrend\u00f3 su compromiso con la transparencia, la honestidad y la rendici\u00f3n de cuentas.<\/p>\n","protected":false},"author":1018,"featured_media":0,"comment_status":"open","ping_status":"open","sticky":false,"template":"","format":"standard","meta":{"tdm_status":"","tdm_grid_status":"","footnotes":""},"categories":[27],"tags":[],"_links":{"self":[{"href":"https:\/\/dralvarez.com.mx\/larevista\/wp-json\/wp\/v2\/posts\/59508"}],"collection":[{"href":"https:\/\/dralvarez.com.mx\/larevista\/wp-json\/wp\/v2\/posts"}],"about":[{"href":"https:\/\/dralvarez.com.mx\/larevista\/wp-json\/wp\/v2\/types\/post"}],"author":[{"embeddable":true,"href":"https:\/\/dralvarez.com.mx\/larevista\/wp-json\/wp\/v2\/users\/1018"}],"replies":[{"embeddable":true,"href":"https:\/\/dralvarez.com.mx\/larevista\/wp-json\/wp\/v2\/comments?post=59508"}],"version-history":[{"count":0,"href":"https:\/\/dralvarez.com.mx\/larevista\/wp-json\/wp\/v2\/posts\/59508\/revisions"}],"wp:attachment":[{"href":"https:\/\/dralvarez.com.mx\/larevista\/wp-json\/wp\/v2\/media?parent=59508"}],"wp:term":[{"taxonomy":"category","embeddable":true,"href":"https:\/\/dralvarez.com.mx\/larevista\/wp-json\/wp\/v2\/categories?post=59508"},{"taxonomy":"post_tag","embeddable":true,"href":"https:\/\/dralvarez.com.mx\/larevista\/wp-json\/wp\/v2\/tags?post=59508"}],"curies":[{"name":"wp","href":"https:\/\/api.w.org\/{rel}","templated":true}]}}