{"id":59503,"date":"2017-10-26T00:00:00","date_gmt":"2017-10-26T06:00:00","guid":{"rendered":"https:\/\/dralvarez.com.mx\/larevista\/blog\/la-educacion-la-alimentacion-y-la-salud-derechos-fundamentales-liborio-vidal-19122"},"modified":"2017-10-26T00:00:00","modified_gmt":"2017-10-26T06:00:00","slug":"la-educacion-la-alimentacion-y-la-salud-derechos-fundamentales-liborio-vidal-19122","status":"publish","type":"post","link":"https:\/\/dralvarez.com.mx\/larevista\/yucatan\/la-educacion-la-alimentacion-y-la-salud-derechos-fundamentales-liborio-vidal-19122","title":{"rendered":"La educaci\u00f3n, la alimentaci\u00f3n y la salud, derechos fundamentales: Liborio Vidal"},"content":{"rendered":"<\/p>\n<p>Valladolid, Yucat\u00e1n, a 25 de octubre de 2017. \u201cLas instituciones educativas deben de contar con la infraestructura adecuada para que los j\u00f3venes se sientan motivados para continuar prepar\u00e1ndose y convertirse en excelentes profesionistas que pongan en alto el nombre del Estado o del pa\u00eds, y que sean un orgullo para la escuela que los vio crecer\u201d, dijo Liborio Vidal Aguilar.<\/p>\n<p>En su visita el empresario y pol\u00edtico yucateco entreg\u00f3 un donativo que permitir\u00e1 continuar con las mejoras, resultado del esfuerzo de la sociedad de padres de familia, los maestros y el personal administrativo.<\/p>\n<p>El director de la Secundaria Estatal \u201cJos\u00e9 In\u00e9s Novelo\u201d, Carlos P\u00e9rez y P\u00e9rez, agradeci\u00f3 el apoyo que Vidal Aguilar les entreg\u00f3. \u201cEl apoyo que nos brinda a sumarse a lo que hemos hecho con tanto esfuerzo, y permitir\u00e1 ofrecer a los estudiantes una educaci\u00f3n de m\u00e1s calidad\u201d.<\/p>\n<p>Por su parte, el subdirector de la instituci\u00f3n, Rogelio D\u00edaz Rivero, destac\u00f3 la vocaci\u00f3n que los motiva en el sector educativo y a\u00f1adi\u00f3 que \u201cnosotros tenemos un objetivo: hacer de esta instituci\u00f3n la mejor de todo el Estado. Gracias por apoyarnos y dejarnos un poco m\u00e1s cerca de alcanzar esa meta\u201d.<\/p>\n<p>Para el #AmigoLibo la educaci\u00f3n, la alimentaci\u00f3n y la salud son derechos que todos los ni\u00f1os tienen, tanto en las ciudades como en las zonas urbanas, y manifest\u00f3 que cualquier acci\u00f3n que permita que lo anterior se cumpla es una acci\u00f3n que abona al presente y futuro del Estado.<\/p>\n<p>Record\u00f3 que hace 40 a\u00f1os no hab\u00eda escuelas de nivel superior en Valladolid, m\u00e1s que un m\u00f3dulo del Instituto Tecnol\u00f3gico que impart\u00eda clases hasta el cuarto semestre, sin embargo, hoy el municipio del oriente del Estado tiene universidades, tecnol\u00f3gico e instituciones privadas que brindan este servicio.<\/p>\n<p>\u201cNo hay duda de que hemos avanzado, pero a\u00fan hay mucho por hacer, y vamos a seguir trabajando fuertemente para garantizar la seguridad, la educaci\u00f3n y la llegada de m\u00e1s industrias que signifiquen m\u00e1s empleos para que ustedes tengan la oportunidad de vivir un buen futuro\u201d, expres\u00f3.<\/p><\/p>\n","protected":false},"excerpt":{"rendered":"<p>El #AmigoLibo realiza un donativo a la secundaria \u201cJos\u00e9 In\u00e9s Novelo\u201d.<\/p>\n","protected":false},"author":1018,"featured_media":0,"comment_status":"open","ping_status":"open","sticky":false,"template":"","format":"standard","meta":{"tdm_status":"","tdm_grid_status":"","footnotes":""},"categories":[21],"tags":[],"_links":{"self":[{"href":"https:\/\/dralvarez.com.mx\/larevista\/wp-json\/wp\/v2\/posts\/59503"}],"collection":[{"href":"https:\/\/dralvarez.com.mx\/larevista\/wp-json\/wp\/v2\/posts"}],"about":[{"href":"https:\/\/dralvarez.com.mx\/larevista\/wp-json\/wp\/v2\/types\/post"}],"author":[{"embeddable":true,"href":"https:\/\/dralvarez.com.mx\/larevista\/wp-json\/wp\/v2\/users\/1018"}],"replies":[{"embeddable":true,"href":"https:\/\/dralvarez.com.mx\/larevista\/wp-json\/wp\/v2\/comments?post=59503"}],"version-history":[{"count":0,"href":"https:\/\/dralvarez.com.mx\/larevista\/wp-json\/wp\/v2\/posts\/59503\/revisions"}],"wp:attachment":[{"href":"https:\/\/dralvarez.com.mx\/larevista\/wp-json\/wp\/v2\/media?parent=59503"}],"wp:term":[{"taxonomy":"category","embeddable":true,"href":"https:\/\/dralvarez.com.mx\/larevista\/wp-json\/wp\/v2\/categories?post=59503"},{"taxonomy":"post_tag","embeddable":true,"href":"https:\/\/dralvarez.com.mx\/larevista\/wp-json\/wp\/v2\/tags?post=59503"}],"curies":[{"name":"wp","href":"https:\/\/api.w.org\/{rel}","templated":true}]}}