{"id":59496,"date":"2017-10-26T00:00:00","date_gmt":"2017-10-26T06:00:00","guid":{"rendered":"https:\/\/dralvarez.com.mx\/larevista\/blog\/magistrado-presente-en-lanzamiento-de-las-directrices-de-ninas-ninos-y-adolescentes-19115"},"modified":"2017-10-26T00:00:00","modified_gmt":"2017-10-26T06:00:00","slug":"magistrado-presente-en-lanzamiento-de-las-directrices-de-ninas-ninos-y-adolescentes-19115","status":"publish","type":"post","link":"https:\/\/dralvarez.com.mx\/larevista\/yucatan\/magistrado-presente-en-lanzamiento-de-las-directrices-de-ninas-ninos-y-adolescentes-19115","title":{"rendered":"Magistrado presente en lanzamiento de las directrices de ni\u00f1as ni\u00f1os y adolescentes"},"content":{"rendered":"<p>El Magistrado de la Sala Unitaria de Justicia para adolescentes, Santiago Altamirano Escalante, acudi\u00f3 a la presentaci\u00f3n del lanzamiento de las directrices para la reintegraci\u00f3n familiar de ni\u00f1as, ni\u00f1os y adolescentes, que se realiz\u00f3 en el Senado de la Rep\u00fablica.<\/p>\n<p>En dicha ceremonia, la senadora anfitriona Martha Garc\u00eda G\u00f3mez refiri\u00f3 que desde el Senado se han realizado dos acciones importantes referentes a este tema, una es la armonizaci\u00f3n legislativa de nuestro marco jur\u00eddico federal con lo dispuesto por el Comit\u00e9 del derecho al estado mexicano y la segunda en acompa\u00f1amiento de las estrategias y acciones que la administraci\u00f3n p\u00fablica federal  ha impulsado a trav\u00e9s del Sistema Nacional Integral de ni\u00f1as, ni\u00f1os y adolescentes.<\/p>\n<p>Estas directrices abonan como una herramienta para el dise\u00f1o e implementaci\u00f3n de pol\u00edticas p\u00fablicas y la restituci\u00f3n de los derechos de las ni\u00f1as, ni\u00f1os y adolescentes que han sufrido alguna vulneraci\u00f3n de sus derechos humanos, as\u00ed como alg\u00fan pasaje de violencia familiar.<\/p>\n<p>Entre los puntos centrales emitidos por la Senadora habl\u00f3 sobre la importancia del seno familiar como punto primordial para la reintegraci\u00f3n y el reconocimiento de sus derechos familiares, siendo que la familia tiene el principal deber de cuidado, incluso la familia extensa.<\/p>\n<p>Por \u00faltimo, la senadora, se refiri\u00f3 a la asignaci\u00f3n de recursos presupuestales suficientes y focalizados para la atenci\u00f3n integral  de las ni\u00f1as, ni\u00f1os y adolescentes as\u00ed como utilizar las variables \u00fatiles para dise\u00f1os, implementaci\u00f3n y evaluaci\u00f3n de las pol\u00edticas p\u00fablicas, ya que ambas acciones son disposiciones reglamentadas en la ley general en la materia, pero no se han concretizado del todo.<\/p>\n<p>Estas directrices son propuestas por la Comisi\u00f3n Nacional de Derechos de la Ni\u00f1ez  y de la Adolescencia y la fundaci\u00f3n JUCONI.<\/p>\n<p><\/p>\n","protected":false},"excerpt":{"rendered":"<p>El Magistrado de la Sala Unitaria de Justicia para adolescentes, Santiago Altamirano Escalante, acudi\u00f3 a la presentaci\u00f3n del lanzamiento de las direct<\/p>\n","protected":false},"author":1018,"featured_media":0,"comment_status":"open","ping_status":"open","sticky":false,"template":"","format":"standard","meta":{"tdm_status":"","tdm_grid_status":"","footnotes":""},"categories":[21],"tags":[],"_links":{"self":[{"href":"https:\/\/dralvarez.com.mx\/larevista\/wp-json\/wp\/v2\/posts\/59496"}],"collection":[{"href":"https:\/\/dralvarez.com.mx\/larevista\/wp-json\/wp\/v2\/posts"}],"about":[{"href":"https:\/\/dralvarez.com.mx\/larevista\/wp-json\/wp\/v2\/types\/post"}],"author":[{"embeddable":true,"href":"https:\/\/dralvarez.com.mx\/larevista\/wp-json\/wp\/v2\/users\/1018"}],"replies":[{"embeddable":true,"href":"https:\/\/dralvarez.com.mx\/larevista\/wp-json\/wp\/v2\/comments?post=59496"}],"version-history":[{"count":0,"href":"https:\/\/dralvarez.com.mx\/larevista\/wp-json\/wp\/v2\/posts\/59496\/revisions"}],"wp:attachment":[{"href":"https:\/\/dralvarez.com.mx\/larevista\/wp-json\/wp\/v2\/media?parent=59496"}],"wp:term":[{"taxonomy":"category","embeddable":true,"href":"https:\/\/dralvarez.com.mx\/larevista\/wp-json\/wp\/v2\/categories?post=59496"},{"taxonomy":"post_tag","embeddable":true,"href":"https:\/\/dralvarez.com.mx\/larevista\/wp-json\/wp\/v2\/tags?post=59496"}],"curies":[{"name":"wp","href":"https:\/\/api.w.org\/{rel}","templated":true}]}}