{"id":59470,"date":"2017-10-25T00:00:00","date_gmt":"2017-10-25T06:00:00","guid":{"rendered":"https:\/\/dralvarez.com.mx\/larevista\/blog\/indefos-e-imec-imparten-taller-sobre-la-atencion-de-la-violencia-de-genero-19089"},"modified":"2017-10-25T00:00:00","modified_gmt":"2017-10-25T06:00:00","slug":"indefos-e-imec-imparten-taller-sobre-la-atencion-de-la-violencia-de-genero-19089","status":"publish","type":"post","link":"https:\/\/dralvarez.com.mx\/larevista\/compeche\/indefos-e-imec-imparten-taller-sobre-la-atencion-de-la-violencia-de-genero-19089","title":{"rendered":"INDEFOS e IMEC imparten taller sobre la atenci\u00f3n de la violencia de g\u00e9nero"},"content":{"rendered":"<p>Con la finalidad de sensibilizar a los servidores p\u00fablicos de todo el Estado, el Instituto de Desarrollo y Formaci\u00f3n Social (INDEFOS), en coordinaci\u00f3n con el Instituto de la Mujer de Campeche (IMEC),  imparti\u00f3  el Taller \u201cReferencia y contrarrefencia del modelo de atenci\u00f3n de la violencia contra las mujeres con enfoque de g\u00e9nero\u201d, en Carmen, donde se resalt\u00f3 la importancia de sensibilizar a los servidores p\u00fablicos sobre los tipos de violencia que existe en torno a la mujer, de igual manera se destacaron las estrategias para la implementaci\u00f3n de pol\u00edticas p\u00fablicas en materia de g\u00e9nero.<\/p>\n","protected":false},"excerpt":{"rendered":"<p>INDEFOS e IMEC imparten taller sobre la atenci\u00f3n de la violencia de g\u00e9nero.<\/p>\n","protected":false},"author":1018,"featured_media":0,"comment_status":"open","ping_status":"open","sticky":false,"template":"","format":"standard","meta":{"tdm_status":"","tdm_grid_status":"","footnotes":""},"categories":[27],"tags":[],"_links":{"self":[{"href":"https:\/\/dralvarez.com.mx\/larevista\/wp-json\/wp\/v2\/posts\/59470"}],"collection":[{"href":"https:\/\/dralvarez.com.mx\/larevista\/wp-json\/wp\/v2\/posts"}],"about":[{"href":"https:\/\/dralvarez.com.mx\/larevista\/wp-json\/wp\/v2\/types\/post"}],"author":[{"embeddable":true,"href":"https:\/\/dralvarez.com.mx\/larevista\/wp-json\/wp\/v2\/users\/1018"}],"replies":[{"embeddable":true,"href":"https:\/\/dralvarez.com.mx\/larevista\/wp-json\/wp\/v2\/comments?post=59470"}],"version-history":[{"count":0,"href":"https:\/\/dralvarez.com.mx\/larevista\/wp-json\/wp\/v2\/posts\/59470\/revisions"}],"wp:attachment":[{"href":"https:\/\/dralvarez.com.mx\/larevista\/wp-json\/wp\/v2\/media?parent=59470"}],"wp:term":[{"taxonomy":"category","embeddable":true,"href":"https:\/\/dralvarez.com.mx\/larevista\/wp-json\/wp\/v2\/categories?post=59470"},{"taxonomy":"post_tag","embeddable":true,"href":"https:\/\/dralvarez.com.mx\/larevista\/wp-json\/wp\/v2\/tags?post=59470"}],"curies":[{"name":"wp","href":"https:\/\/api.w.org\/{rel}","templated":true}]}}