{"id":59466,"date":"2017-10-25T00:00:00","date_gmt":"2017-10-25T06:00:00","guid":{"rendered":"https:\/\/dralvarez.com.mx\/larevista\/blog\/campeche-referente-nacional-en-libertad-paz-y-armonia-19085"},"modified":"2017-10-25T00:00:00","modified_gmt":"2017-10-25T06:00:00","slug":"campeche-referente-nacional-en-libertad-paz-y-armonia-19085","status":"publish","type":"post","link":"https:\/\/dralvarez.com.mx\/larevista\/compeche\/campeche-referente-nacional-en-libertad-paz-y-armonia-19085","title":{"rendered":"Campeche, referente nacional en libertad, paz y armon\u00eda"},"content":{"rendered":"<p>Indicadores del Sistema Nacional de Seguridad P\u00fablica (SNSP) y de diversos organismos ciudadanos ubican de nueva cuenta a Campeche con la menor incidencia delictiva del pa\u00eds, por lo que se mantiene como el estado referente a nivel nacional en libertad, paz y armon\u00eda, sostuvo el gobernador Alejandro Moreno C\u00e1rdenas al inaugurar, en presencia del secretario general de la Confederaci\u00f3n de Trabajadores de M\u00e9xico (CTM), Carlos Aceves del Olmo, la LXXIV Asamblea General Ordinaria del Consejo Nacional del Sindicato Industrial de Trabajadores y Artistas de Televisi\u00f3n y Radio, Similares y Conexos de la Rep\u00fablica Mexicana (Sitatyr).<\/p>\n<p>Asever\u00f3 que el ambiente de paz y tranquilidad que hay en el estado es resultado del esfuerzo de la sociedad y del gobierno. \u201cHoy Campeche es el estado, por cada cien mil habitantes, con la menor incidencia delictiva del pa\u00eds; no lo dice el gobernador, lo dicen las estad\u00edsticas y las cifras del Sistema Nacional de Seguridad, del Observatorio Ciudadano, del IMCO y muchas otras organizaciones, y eso es posible por el trabajo comprometido de todos y cada uno de los campechanos\u201d, recalc\u00f3.<\/p>\n<p>Moreno C\u00e1rdenas, ante delegados de todo el pa\u00eds del organismo sindical, ratific\u00f3 su compromiso de cumplirle a la gente y de impulsar metas grandes para que se consolide el crecimiento y desarrollo en el estado.<\/p>\n<p>Agreg\u00f3 que hay que pasar de la propuesta a la realidad y construir todos los d\u00edas con firmeza, porque est\u00e1n en juego los momentos m\u00e1s importantes para M\u00e9xico y las futuras generaciones. <\/p>\n<p>Hizo un reconocimiento al Sitatyr por ser pilar en la construcci\u00f3n del M\u00e9xico moderno, y a la CTM porque desde sus or\u00edgenes ha sido un sector fundamental para el pa\u00eds, encabezando con liderazgo claro, real y genuino, la representaci\u00f3n de los trabajadores.<\/p>\n<p>El secretario general de la CTM, Carlos Aceves del Olmo, por su parte, extern\u00f3 su reconocimiento a las obras y acciones que el gobierno de Alejandro Moreno realiza en beneficio de la poblaci\u00f3n campechana. <\/p>\n<p>En su mensaje, se\u00f1al\u00f3 que en el pr\u00f3ximo n\u00famero de la revista de la CTM, estar\u00e1 en la portada la visita que hoy realizaron a Campeche los delegados durante su LXXIV asamblea, adem\u00e1s, en su contenido se encontrar\u00e1 el discurso del mandatario campechano para ponerlo de ejemplo de c\u00f3mo se deben hacer las cosas en un gobierno.<\/p>\n<p>Antes, el secretario general del Comit\u00e9 Ejecutivo Nacional del Sitatyr, Patricio Flores Sandoval, mencion\u00f3 que el Gobernador de Campeche es un joven din\u00e1mico y perseverante con enorme vocaci\u00f3n pol\u00edtica, convencido que el trabajo de un gobernante es generar mejores condiciones a los ciudadanos. <\/p>\n<p>\u201cEs un pol\u00edtico de nueva generaci\u00f3n que privilegia la coordinaci\u00f3n de esfuerzos y capacidades en todos los entornos sociales, no es desconocido su desempe\u00f1o en las representaciones legislativas que ha ostentado, como lo vemos hoy en su tarea como gobernante, buscando y empe\u00f1\u00e1ndose en ofrecer a las familias mayores y mejores oportunidades de vida a trav\u00e9s de nuevas opciones de empleo productivo, digno y generador de riqueza\u201d, remarc\u00f3.<\/p>\n<p>Indic\u00f3 que Moreno C\u00e1rdenas se ha ocupado de proporcionar certeza y seguridad a Campeche, aplicando pol\u00edticas, estrategias y acciones que han mantenido a Campeche con el menor \u00edndice delictivo de todo el pa\u00eds, convirti\u00e9ndolo en noticia a nivel nacional. <\/p>\n<p>Antes de concluir la ceremonia, Moreno C\u00e1rdenas recibi\u00f3 un reconocimiento por parte del Comit\u00e9 Ejecutivo Nacional del Sitatyr, por el trabajo que realiza al frente del Gobierno de Campeche.<\/p>\n<p>Estuvieron presentes, el delegado de la Secretar\u00eda de Gobernaci\u00f3n, Ricardo Ch\u00e1vez P\u00e9rez; el director sectorial de los trabajadores del Infonavit, Abelardo Carrillo Zavala; el jefe de la Unidad de Comunicaci\u00f3n Social del Gobierno del Estado, Walter Olivera Valladares; los vicepresidentes de Recursos Humanos, y de Operaciones de Televisa, Alex Olhovich P\u00e9rez y Jean Paul Broc Haro, respectivamente, y el secretario general de la Federaci\u00f3n de Trabajadores de Campeche, Wilgen Hern\u00e1ndez Cherres.<\/p>\n<p><b>Palabras del Gobernador del Estado, Alejandro Moreno C\u00e1rdenas<\/b><\/p>\n<p>Muy buenos d\u00edas a todas y a todos. Nos hab\u00edamos permitido escribir, redactar un mensaje para todas y para todos ustedes; y hoy con ese \u00e1nimo, con ese compromiso, con ese aprecio y con ese cari\u00f1o de estar aqu\u00ed con ustedes, les voy a hablar como siempre les hablo a los campechanos y a todos: Con franqueza, con claridad, con firmeza y con un profundo y enorme compromiso con los trabajadores de M\u00e9xico.<\/p>\n<p>Saludo con aprecio y con mucho respeto a don Carlos Aceves del Olmo, presidente del Congreso del Trabajo y l\u00edder de la CTM. Agradezco la presencia de los vicepresidentes que hoy nos acompa\u00f1an, de Grupo Televisa; de Recursos Humanos y de Operaciones, Alex Olhovich y Jean Paul Broc Haro, que se encuentran con nosotros. Agradezco la presencia, muy importante, del dirigente nacional del SITATYR, mi amigo Patricio Flores Sandoval.<\/p>\n<p>Agradezco la presencia de don Abelardo Carrillo Zavala, ex gobernador de Campeche; de los representantes del Gobierno del Estado y del Gobierno Federal que nos acompa\u00f1an; al dirigente estatal de la CTM, a los compa\u00f1eros integrantes del Comit\u00e9 Ejecutivo Nacional de la Confederaci\u00f3n de Trabajadores de M\u00e9xico; a todos los delegados de todo nuestro pa\u00eds, que nos acompa\u00f1an en esta Asamblea del SITATYR; a sus invitados, a sus familiares.<\/p>\n<p>Quiero decirles que me da mucho gusto darles la m\u00e1s cordial bienvenida a Campeche, Campeche referente nacional en libertad, en paz, en armon\u00eda, en tranquilidad; primero, para un buen ejercicio y una gran profesi\u00f3n que es el informar, el difundir y el dar a conocer el d\u00eda a d\u00eda de la responsabilidades que tenemos los servidores p\u00fablicos que por mandato popular tenemos la principal responsabilidad que es dirigir los destinos, y dirigirlos bien, de nuestro pueblo. Por ello, como joven\u2026 Ya no tan joven, tengo 42 a\u00f1os aunque parezca de 20, pero tengo 42; hoy quiero decirles que ese \u00e1nimo y ese compromiso que tenemos, es de responsabilidad.<\/p>\n<p>A los campechanos nos gusta que nos visiten, nos gusta que vengan a Campeche, que conozcan nuestro Estado y hoy, para m\u00ed, no s\u00f3lo es un orgullo, es un honor que la Asamblea Nacional, que esta gran reuni\u00f3n del SITATYR se d\u00e9 aqu\u00ed en San Francisco de Campeche. Un Estado que, el d\u00eda de hoy, a nivel nacional, en los medios de comunicaci\u00f3n\u2026 En un medio muy importante de comunicaci\u00f3n, se presentaron los \u00edndices delictivos a nivel nacional y algo que nos ha costado mucho a los campechanos, porque es un esfuerzo de la sociedad y del Gobierno, hoy Campeche, no lo dice su Gobernador, lo dicen las estad\u00edsticas y las cifras nacionales del Sistema Nacional de Seguridad, del Observatorio Ciudadano, del Imco y de muchas otras organizaciones\u2026 Hoy Campeche es el Estado, por cada cien mil habitantes, con la menor incidencia delictiva del pa\u00eds.<\/p>\n<p>Y ese es un trabajo comprometido de todos y cada uno de los campechanos que lo hemos hecho. Por ello, ante este compromiso que estamos construyendo todos los d\u00edas, hay que reconocer que lo \u00fanico y m\u00e1s importante que tenemos es cumplirle a nuestra gente. Los gobernantes s\u00f3lo tenemos, por lo menos como Gobernador, una vez para gobernar bien y la m\u00eda es \u00e9sta; y quiero gobernar como lo hacemos todos los d\u00edas, con un profundo compromiso con los ciudadanos. Por eso, bien se ha dicho aqu\u00ed, para m\u00ed lo m\u00e1s importante es cumplirle a nuestra gente.<\/p>\n<p>Jam\u00e1s escuchar\u00e1n de m\u00ed, de su amigo el Gobernador, que no hay recursos o que no se puede\u2026 Esa es mi responsabilidad, gestionar y conseguir los recursos porque para ello me eligi\u00f3 el pueblo. Siempre he dicho que un gobernante no tiene problemas, un gobernante tiene asuntos qu\u00e9 resolver, pues, para ello lo eligi\u00f3 el pueblo y estamos trabajando desde hace muchos a\u00f1os para seguir construyendo una relaci\u00f3n cercana, una relaci\u00f3n c\u00e1lida, humilde, sencilla, con quienes nosotros representamos y con quienes debemos de construir m\u00e1s y mejores oportunidades, que es nuestro pueblo y que es nuestra gente.<\/p>\n<p>Nadie, nadie nos va a regalar nada, nadie va a hacer por nosotros lo que nos toca hacer; es la hora y el momento de Campeche y de M\u00e9xico, debemos de trabajar juntos y la m\u00edstica y la actitud es tener una voluntad inquebrantable. La cr\u00edtica propositiva es buena, nos hace ser mejores, pero la cr\u00edtica que construye.<\/p>\n<p>Hay que pasar de la propuesta a la realidad, hay que construir con firmeza y con claridad todos los d\u00edas porque hoy nos jugamos los momentos m\u00e1s importantes para M\u00e9xico y para las futuras generaciones. Hoy tenemos que construir, como lo ha hecho el SITATYR, con el aval de la Confederaci\u00f3n de Trabajadores de M\u00e9xico, a lo largo de much\u00edsimos a\u00f1os, ser un pilar fundamental para construir el M\u00e9xico moderno y el M\u00e9xico que hoy somos.<\/p>\n<p>La Confederaci\u00f3n de Trabajadores de M\u00e9xico, desde sus or\u00edgenes, ha sido base, fundamental, en el crecimiento y en el desarrollo de nuestro pa\u00eds aglutinando a los trabajadores de diferentes y de diversos sindicatos, pero ha quedado claro hoy que la Confederaci\u00f3n de Trabajadores de M\u00e9xico es la representaci\u00f3n que encabeza, con un liderazgo claro, real y genuino, a todos los trabajadores de nuestro pa\u00eds.<\/p>\n<p>Por ello, quiero decirles con conocimiento propio, con orgullo, como joven se los digo, es un privilegio y un honor para m\u00ed haber coincidido con un mexicano valiente, con un mexicano de valor y de valores, en las diferentes c\u00e1maras legislativas del Congreso de la Uni\u00f3n. Un mexicano que jam\u00e1s se ha achicado ante los grandes desaf\u00edos y los grandes retos que tiene M\u00e9xico, un mexicano que no s\u00f3lo es mi amigo, que no s\u00f3lo es un referente para m\u00ed en la buena recomendaci\u00f3n y en la buena orientaci\u00f3n.<\/p>\n<p>Un mexicano sencillo, humilde; un mexicano de principios y valores; un mexicano que no tengo ni la menor duda que est\u00e1 construyendo la historia de este pa\u00eds y est\u00e1 poniendo muy en alto, como nunca lo hab\u00eda estado, la Confederaci\u00f3n de Trabajadores de M\u00e9xico, a mi amigo, a mi padrino, don Carlos Aceves.  Bienvenido a Campeche, don Carlos.<\/p>\n<p>Y lo digo plenamente convencido porque ustedes lo deben de tener muy cerca, \u00bfeh?, porque gracias a sus buenos consejos llegu\u00e9 a ser Gobernador; as\u00ed que, es un gran apoyo y un gran respaldo\u2026 Y lo digo comprometido porque este es el momento en que debemos de impulsar, m\u00e1s que nunca, la unidad y el trabajo comprometido. S\u00f3lo trabajando en equipo podemos lograr las grandes metas.<\/p>\n<p>Quiero decirles, a t\u00edtulo personal, que hoy estamos construyendo un Campeche con m\u00e1s y mejores oportunidades, que hay grandes retos y hay grandes desaf\u00edos, pero s\u00f3lo juntos y trabajando en equipo los vamos a superar. Cada uno de nuestros triunfos, cada uno de nuestros aciertos, es para ponerlos al servicio de nuestra gente; nuestra gente, nuestro pueblo, que est\u00e1 harto de la impunidad, que est\u00e1 harto de la corrupci\u00f3n pero est\u00e1 m\u00e1s harto de los pol\u00edticos que prometen y no cumplen.<\/p>\n<p>Y hoy tenemos que honrar nuestra palabra, hoy tenemos que comprometernos, hoy tenemos que construir el liderazgo, por eso siempre he dicho: El respeto se da, la confianza se gana y la lealtad se demuestra. Eso es lo que tenemos que construir todos los d\u00edas en los sindicatos, en nuestro pa\u00eds, para que juntos\u2026 Para que juntos podamos construir un mejor Campeche y un mejor M\u00e9xico. Por eso, destaco y lo reitero, el SITATYR es un gran sindicato, es una gran instituci\u00f3n que ha construido, a lo largo de a\u00f1os, mejoras para los trabajadores, mejoras al servicio laboral de nuestro pueblo, de nuestra gente y por eso lo digo como es: Ha sido muy generoso con sus palabras y \u00e9l sabe que le tengo un enorme aprecio y un enorme reconocimiento.<\/p>\n<p>Porque eso es lo que demuestra un gran l\u00edder, no s\u00f3lo su cercan\u00eda, su humildad, su sencillez; que sabe ser gran amigo, que sabe ser un compa\u00f1ero de trabajo que lucha hombro con hombro, que ha llevado con unidad, con responsabilidad, con mucha honestidad, a la gran familia del SITATYR y que sabe que en Campeche tiene un amigo y un aliado, y sabe que Campeche es su casa. Muchas gracias a mi amigo Patricio Flores por estar aqu\u00ed, a su esposa Sandra\u2026 Sabe que el SITATYR est\u00e1 aqu\u00ed en Campeche.<\/p>\n<p>Y como le digo a don Carlos Aceves del Olmo y a Patricio y a todos ustedes, no tuvieron el privilegio de nacer en Campeche pero van a vivir en mi coraz\u00f3n y no van a pagar renta, \u00bfeh?, as\u00ed que eso es muy importante. Y quiero finalmente decirles, quiero finalmente decirles a todos y cada uno de ustedes: A partir de mi responsabilidad como Gobernador asumimos un compromiso con el pueblo de Campeche, fortalecer nuestra autoestima, fortalecer nuestra actitud.<\/p>\n<p>Con mucha transparencia y con mucha claridad se los digo, la actitud es como el buen veh\u00edculo que tiene las llantas ponchadas, si no las cambiamos ni avanzamos ni llegamos adonde queremos ir. La voluntad debe ser inquebrantable, hay que trabajar juntos todos los d\u00edas, hay que presumir a nuestro pa\u00eds, hay que hablar bien de M\u00e9xico, hay que hablar bien de nuestros Estados; hay que presumir nuestro turismo, nuestra riqueza cultural, nuestra riqueza natural; presumir nuestros bosques y nuestras selvas, presumir a nuestra gente, hablar bien de M\u00e9xico.<\/p>\n<p>Como dicen por ah\u00ed, para vender al caballo hay que hablar bien de \u00e9l y los primeros que debemos de hablar bien de nuestro pa\u00eds somos todos y cada uno de los que estamos aqu\u00ed. Ser los grandes difusores, tener clara la realidad. Tenemos grandes desaf\u00edos y grandes retos pero, hoy, Campeche ha dado pasos importantes al desarrollo y al crecimiento. Con la crisis m\u00e1s severa, con la ca\u00edda de los precios y la producci\u00f3n del petr\u00f3leo Campeche se vio muy afectado, pero buscamos otros horizontes de desarrollo, el turismo, el campo, seguir fortaleciendo el sector energ\u00e9tico, constituirnos como una Zona Econ\u00f3mica Especial.<\/p>\n<p>Y eso lo hemos logrado gracias al apoyo irrestricto de quien sin duda ha sido el mejor amigo y el mejor aliado de Campeche, el mejor amigo porque lo ha demostrado con su presencia, el mejor aliado porque lo ha demostrado al apoyarnos con la mayor cantidad de recursos de la historia. Hoy les quiero decir que este Gobierno de la Rep\u00fablica ha apoyado con m\u00e1s del doble de los recursos, en mi administraci\u00f3n, que en las \u00faltimas dos administraciones pasadas; que ha visitado Campeche como nunca.<\/p>\n<p>Por ello, aqu\u00ed, se le quiere, se le respeta y se le aprecia al mejor aliado de los campechanos, que es el Presidente de la Rep\u00fablica, Enrique Pe\u00f1a Nieto, amigo de ustedes y compa\u00f1ero de la Confederaci\u00f3n de Trabajadores de M\u00e9xico. Amigas y amigos, s\u00f3lo les puedo decir: Gracias, muchas gracias por estar aqu\u00ed en Campeche.<\/p>\n<p>A los campechanos, como les dije al inicio, nos gusta que nos visiten, nos gusta presumirles con humildad y con sencillez el maravilloso Estado que tenemos, presumirles a nuestra gente, nuestra paz y nuestra tranquilidad. Son buenos tiempos para Campeche, lo mejor de Campeche est\u00e1 por venir. Mi compromiso es trabajar todos los d\u00edas, cercano al pueblo, estar en todos los rincones de nuestro Estado para garantizar m\u00e1s y mejores oportunidades.<\/p>\n<p>Se ha dicho muchas veces y hoy lo reitero, un pol\u00edtico piensa en las pr\u00f3ximas elecciones; un estadista, un transformador como todos los que estamos aqu\u00ed, pensamos en las pr\u00f3ximas generaciones. Tenemos que impulsar las oportunidades para los j\u00f3venes, que los t\u00edtulos profesionales se conviertan en empleos reales; que M\u00e9xico tenga desarrollo y crecimiento m\u00e1s o igual, con oportunidades para todos. Y quiero terminar dici\u00e9ndoles que en el alpinismo hay una regla de oro, que ilustra lo que queremos los campechanos.<\/p>\n<p>Para este Campeche que queremos impulsar, a m\u00ed no me interesan las metas peque\u00f1as, a m\u00ed me interesan las metas grandes, las metas que nos consoliden como un Estado en crecimiento y en desarrollo. Aqu\u00ed siempre vamos a ver c\u00f3mo s\u00ed se puede, pasar del s\u00ed se puede al ya se pudo, pasar de la esperanza a la certeza; y en el alpinismo hay una regla de oro, ustedes saben cu\u00e1nto tiempo se prepara un alpinista para escalar una monta\u00f1a, much\u00edsimo tiempo y est\u00e1 poquito tiempo y baja.<\/p>\n<p>Hoy quiero decirles que es una buena reflexi\u00f3n de vida, cuando uno llega a la cima hay que celebrar poco porque se le puede acabar el aire y ah\u00ed se muere uno. Por eso, en la vida, con humildad, hay que escalar la monta\u00f1a, hay que constituirnos como un logro importante y alcanzar la meta, y con sencillez bajar la monta\u00f1a y apuntarle a otra para volverla a escalar y llegar a la cima.<\/p>\n<p>Aqu\u00ed en Campeche, les digo, un pesimista se queja del viento, un optimista espera que el viento cambie; y un realista como su servidor y como los que estamos aqu\u00ed, ajustamos las velas del barco y llegamos a un puerto seguro en beneficio de nuestra gente. Muchas gracias, bienvenidos a Campeche. Un abrazo para todos.<\/p>\n<p><b>Entrevista al Gobernador del Estado, Alejandro Moreno C\u00e1rdenas<\/b><\/p>\n<\/p>\n<p><b>Pregunta.-<br \/>\n<\/b>Es<br \/>\nclara la propuesta para este incremento del salario m\u00ednimo\u2026<\/p>\n<p><b>Gobernador<br \/>\nAlejandro Moreno C\u00e1rdenas.-<\/b> S\u00ed, bueno, aqu\u00ed, ya saben, el Dirigente Nacional de<br \/>\nla Confederaci\u00f3n de Trabajadores de M\u00e9xico ha hecho ese anuncio. Creo que es<br \/>\nmuy importante, fundamental, creo que lo m\u00e1s importante para nosotros son todos<br \/>\nlos trabajadores de nuestro pa\u00eds. Fortalecer el salario m\u00ednimo ser\u00e1 muy<br \/>\nimportante y creo que trabajando de la mano, los empresarios, sector patronal,<br \/>\nlos trabajadores y el gobierno, se alcanzar\u00e1 un gran acuerdo, un buen acuerdo<br \/>\npara mejorar el salario m\u00ednimo y mejorar la calidad de vida de los trabajadores<br \/>\nde nuestro pa\u00eds.<\/p>\n<p><b>Pregunta.-<\/b> \u00bfHay<br \/>\ndisponibilidad para conseguir esta propuesta?<\/p>\n<p><b>Gobernador<br \/>\nAlejandro Moreno C\u00e1rdenas.-<\/b> Bueno, se est\u00e1 trabajando fuerte y ya saben que<br \/>\ndesde hace varios meses se ha venido trabajando en una propuesta clara e<br \/>\nimportante, y ser\u00e1 la relaci\u00f3n entre el Gobierno, entre los empresarios, entre<br \/>\nlos trabajadores, representado en este caso el sector laboral por los<br \/>\nTrabajadores de M\u00e9xico. La CTM est\u00e1 trabajando, el Congreso del Trabajo va a<br \/>\nayudar a fortalecer esta buena relaci\u00f3n y creo que alcanzaremos un acuerdo, y<br \/>\nque se alcanzar\u00e1 un buen acuerdo en beneficio de los trabajadores de este pa\u00eds.<\/p>\n<p><b>Pregunta.-<\/b> Ayer vimos que<br \/>\nhay otros cambios en Delegaciones federales, \u00bfqui\u00e9n quedar\u00eda a cargo de la de<br \/>\nSedatu?<\/p>\n<p><b>Gobernador<br \/>\nAlejandro Moreno C\u00e1rdenas.-<\/b> Bueno, est\u00e1 trabaj\u00e1ndose, creo que con ese \u00e1nimo de<br \/>\nrespeto y de colaboraci\u00f3n del Gobierno Federal nosotros siempre no s\u00f3lo<br \/>\nrecibimos, vemos muy bien que se van renovando las Delegaciones, las<br \/>\noportunidades que se van generando; es una responsabilidad eminentemente<br \/>\nfederal, son decisiones federales. Tengo datos y registros de que en los<br \/>\npr\u00f3ximos d\u00edas, en las pr\u00f3ximas semanas, habr\u00e1 de irse nombrando las Delegaciones<br \/>\nque vayan quedando, con un enorme respeto a quienes van a designar desde la<br \/>\nCiudad de M\u00e9xico porque no es de mi competencia, pero estaremos trabajando.<\/p>\n<p>Ayer nombraron al Delegado de la CDI,<br \/>\ncosa que nos ayuda a seguir fortaleciendo, a seguir trabajando en equipo; as\u00ed<br \/>\nlo haremos, en ese conjunto, en ese compromiso de responsabilidad de todos. Lo<br \/>\nque queremos es que a Campeche le vaya muy bien, que vayamos avanzando en el<br \/>\ndesarrollo, en el crecimiento, en la infraestructura, en la mayor gesti\u00f3n y<br \/>\ncantidad de recursos para nuestro Estado. Y estamos muy contentos porque<br \/>\nestamos avanzando con grandes retos, con grandes desaf\u00edos, pero todos y cada<br \/>\nuno de los compromisos que asumimos, de las obras que se han planteado a lo<br \/>\nlargo del tiempo, se van a cumplir en tiempo y forma; obras que est\u00e1n en<br \/>\nproceso, que est\u00e1n en ejecuci\u00f3n, y vamos a seguir gestionando m\u00e1s obras. Como<br \/>\nles dije ayer, nos va a ir muy bien en el presupuesto, estoy trabajando en ello<br \/>\ny, bueno, van a venir no s\u00f3lo a final de a\u00f1o sino en el 2018, m\u00e1s obras de<br \/>\ninfraestructura para Campeche. Gracias.<\/p><\/p>\n","protected":false},"excerpt":{"rendered":"<p>\u2022\tGobernador AMC confirma que indicadores de organismos avalan menor incidencia delictiva.<\/p>\n","protected":false},"author":1018,"featured_media":0,"comment_status":"open","ping_status":"open","sticky":false,"template":"","format":"standard","meta":{"tdm_status":"","tdm_grid_status":"","footnotes":""},"categories":[27],"tags":[],"_links":{"self":[{"href":"https:\/\/dralvarez.com.mx\/larevista\/wp-json\/wp\/v2\/posts\/59466"}],"collection":[{"href":"https:\/\/dralvarez.com.mx\/larevista\/wp-json\/wp\/v2\/posts"}],"about":[{"href":"https:\/\/dralvarez.com.mx\/larevista\/wp-json\/wp\/v2\/types\/post"}],"author":[{"embeddable":true,"href":"https:\/\/dralvarez.com.mx\/larevista\/wp-json\/wp\/v2\/users\/1018"}],"replies":[{"embeddable":true,"href":"https:\/\/dralvarez.com.mx\/larevista\/wp-json\/wp\/v2\/comments?post=59466"}],"version-history":[{"count":0,"href":"https:\/\/dralvarez.com.mx\/larevista\/wp-json\/wp\/v2\/posts\/59466\/revisions"}],"wp:attachment":[{"href":"https:\/\/dralvarez.com.mx\/larevista\/wp-json\/wp\/v2\/media?parent=59466"}],"wp:term":[{"taxonomy":"category","embeddable":true,"href":"https:\/\/dralvarez.com.mx\/larevista\/wp-json\/wp\/v2\/categories?post=59466"},{"taxonomy":"post_tag","embeddable":true,"href":"https:\/\/dralvarez.com.mx\/larevista\/wp-json\/wp\/v2\/tags?post=59466"}],"curies":[{"name":"wp","href":"https:\/\/api.w.org\/{rel}","templated":true}]}}