{"id":59458,"date":"2017-10-25T00:00:00","date_gmt":"2017-10-25T06:00:00","guid":{"rendered":"https:\/\/dralvarez.com.mx\/larevista\/blog\/comparten-conocimientos-ancestrales-para-preservar-el-planeta-19077"},"modified":"2017-10-25T00:00:00","modified_gmt":"2017-10-25T06:00:00","slug":"comparten-conocimientos-ancestrales-para-preservar-el-planeta-19077","status":"publish","type":"post","link":"https:\/\/dralvarez.com.mx\/larevista\/yucatan\/comparten-conocimientos-ancestrales-para-preservar-el-planeta-19077","title":{"rendered":"Comparten conocimientos ancestrales para preservar el planeta"},"content":{"rendered":"<\/p>\n<p>Con el fin de ser un espacio de di\u00e1logo y reflexi\u00f3n que examine la aportaci\u00f3n de las distintas y m\u00e1s antiguas culturas en la concepci\u00f3n de su cosmovisi\u00f3n y su relaci\u00f3n con el cuidado de la naturaleza, dio inicio la conferencia mundial \u201cLa cosmogon\u00eda y la mitolog\u00eda de las civilizaciones milenarias en la preservaci\u00f3n del planeta\u201d.<\/p>\n<p>Al inaugurar estos trabajos acad\u00e9micos, el secretario de Educaci\u00f3n, V\u00edctor Caballero Dur\u00e1n, indic\u00f3 que este ciclo de ponencias, que forma parte del Festival Internacional de la Cultura Maya (Ficmaya) 2017, es una gran oportunidad para poner en pr\u00e1ctica los fundamentos de la sustentabilidad y la econom\u00eda verde, pero sobre todo para valorar los saberes milenarios que nuestros pueblos nos han legado.<\/p>\n<p>\u201cSomos afortunados de vivir en un lugar con un amplio abanico de recursos naturales, as\u00ed como en un territorio con enorme potencial de producir energ\u00edas limpias, lo cual representa una ventana de oportunidad y, al mismo tiempo, una gran responsabilidad. Esta es una conferencia para conocer m\u00e1s sobre la cultura maya, y otras cosmogon\u00edas, y reconocernos en otros ojos\u201d, se\u00f1al\u00f3.<\/p>\n<p>Desde este d\u00eda hasta el 26 de octubre, especialistas de Brasil, Canad\u00e1, Corea, Ecuador, Egipto, Grecia, Honduras, India, Italia, Ir\u00e1n, Jap\u00f3n, Jordania, M\u00e9xico, Per\u00fa, Turqu\u00eda y, desde luego, acad\u00e9micos y cient\u00edficos de la pen\u00ednsula de Yucat\u00e1n intercambiar\u00e1n experiencias y propuestas para abonar a las pr\u00e1cticas sustentables, de conservaci\u00f3n del medio ambiente y de equilibrio ecol\u00f3gico.<\/p>\n<p>Ante el director General del Instituto de Historia y Museos de Yucat\u00e1n, Jorge Esma Baz\u00e1n, Caballero Dur\u00e1n comparti\u00f3 parte de lo que se promueve en el sector educativo en la materia, como lo que realizan estudiantes de la Secunda T\u00e9cnica N\u00famero 52, ubicada en Dzilam de Bravo, quienes le apuestan a la acuacultura sustentable para el cuidado, alimentaci\u00f3n, mantenimiento y producci\u00f3n de tilapia.<\/p>\n<p>Del mismo modo, en varias escuelas primarias de la costa se est\u00e1 llevando a cabo un taller sobre la importancia de la protecci\u00f3n de la flora y fauna marina, en el que se aborda temas como la separaci\u00f3n de residuos, la recuperaci\u00f3n de playas y el buen manejo del agua.<\/p>\n<p>\u201cY como estos, hay cientos de ejemplos de buenas pr\u00e1cticas en las que participan alumnos, maestros y padres de familia para preservar el medio ambiente\u201d, puntualiz\u00f3 en presencia de la representante de la Oficina de la Organizaci\u00f3n de las Naciones Unidas para la Educaci\u00f3n, la Ciencia y la Cultura (Unesco) en M\u00e9xico, Nuria Sanz Gallego.<\/p>\n<p>En su mensaje, Sanz Gallego detall\u00f3 que el prop\u00f3sito es hablar de una cosmolog\u00eda que haga entender esa forma distinta de estar en el mundo y verla como una plataforma a la que hay que rendir respeto, ya que tiene razones para generar pol\u00edticas p\u00fablicas mucho m\u00e1s plurales, desde lo religioso, lo filos\u00f3fico y el aprovechamiento de lo m\u00edtico y lo f\u00edsico.<\/p>\n<p>\u201cEs el gran pretexto de dar a la agenda lo que le falta; de pensar en t\u00e9rminos de pluralidad, universalidad y humanismo, que tiene que hacerse m\u00e1s expl\u00edcito. Queremos hacer eco en los pa\u00edses internacionales para que se atrevan con valent\u00eda y respeto a pensar en la diversidad\u201d, finaliz\u00f3.<\/p>\n<p>Al finalizar el encuentro, en el marco de esta edici\u00f3n del Ficmaya dedicada a \u201cLa cosmogon\u00eda y la preservaci\u00f3n del planeta\u201d, se crear\u00e1 un documento que se leer\u00e1 al pie de la Pir\u00e1mide del Adivino en la zona arqueol\u00f3gica de Uxmal en los eventos de cierre, para promover la reflexi\u00f3n y conciencia sobre los valores para proteger a la Tierra, as\u00ed como el fortalecimiento de las identidades culturales.<\/p><\/p>\n","protected":false},"excerpt":{"rendered":"<p>Con el fin de ser un espacio de di\u00e1logo y reflexi\u00f3n que examine la aportaci\u00f3n de las distintas y m\u00e1s antiguas culturas en la concepci\u00f3n de su cosmovis<\/p>\n","protected":false},"author":1018,"featured_media":0,"comment_status":"open","ping_status":"open","sticky":false,"template":"","format":"standard","meta":{"tdm_status":"","tdm_grid_status":"","footnotes":""},"categories":[21],"tags":[],"_links":{"self":[{"href":"https:\/\/dralvarez.com.mx\/larevista\/wp-json\/wp\/v2\/posts\/59458"}],"collection":[{"href":"https:\/\/dralvarez.com.mx\/larevista\/wp-json\/wp\/v2\/posts"}],"about":[{"href":"https:\/\/dralvarez.com.mx\/larevista\/wp-json\/wp\/v2\/types\/post"}],"author":[{"embeddable":true,"href":"https:\/\/dralvarez.com.mx\/larevista\/wp-json\/wp\/v2\/users\/1018"}],"replies":[{"embeddable":true,"href":"https:\/\/dralvarez.com.mx\/larevista\/wp-json\/wp\/v2\/comments?post=59458"}],"version-history":[{"count":0,"href":"https:\/\/dralvarez.com.mx\/larevista\/wp-json\/wp\/v2\/posts\/59458\/revisions"}],"wp:attachment":[{"href":"https:\/\/dralvarez.com.mx\/larevista\/wp-json\/wp\/v2\/media?parent=59458"}],"wp:term":[{"taxonomy":"category","embeddable":true,"href":"https:\/\/dralvarez.com.mx\/larevista\/wp-json\/wp\/v2\/categories?post=59458"},{"taxonomy":"post_tag","embeddable":true,"href":"https:\/\/dralvarez.com.mx\/larevista\/wp-json\/wp\/v2\/tags?post=59458"}],"curies":[{"name":"wp","href":"https:\/\/api.w.org\/{rel}","templated":true}]}}