{"id":59448,"date":"2017-10-25T00:00:00","date_gmt":"2017-10-25T06:00:00","guid":{"rendered":"https:\/\/dralvarez.com.mx\/larevista\/blog\/turismo-motor-de-desarrollo-economico-19067"},"modified":"2017-10-25T00:00:00","modified_gmt":"2017-10-25T06:00:00","slug":"turismo-motor-de-desarrollo-economico-19067","status":"publish","type":"post","link":"https:\/\/dralvarez.com.mx\/larevista\/yucatan\/turismo-motor-de-desarrollo-economico-19067","title":{"rendered":"Turismo, motor de desarrollo econ\u00f3mico"},"content":{"rendered":"<\/p>\n<p>M\u00e9rida, Yucat\u00e1n, 24 de octubre de 2017.- Frente a los fen\u00f3menos naturales que han impactado a diversas zonas del pa\u00eds, integrantes de la Comisi\u00f3n de Turismo de la Conferencia Nacional de Gobernadores (Conago) anunciaron la implementaci\u00f3n de una serie de medidas para mantener el dinamismo, as\u00ed como la competitividad tur\u00edstica y econ\u00f3mica en los destinos afectados por los sismos.<\/p>\n<p>En el marco de esta reuni\u00f3n que se celebr\u00f3 en la entidad, con la participaci\u00f3n del Gobernador Rolando Zapata Bello y el titular de la Secretar\u00eda de Turismo federal  (Sectur), Enrique de la Madrid Cordero, se acord\u00f3 privilegiar la aplicaci\u00f3n de pol\u00edticas p\u00fablicas y programas destinados a incentivar esta industria nacional.<\/p>\n<p>En presencia del jefe de Gobierno de la Ciudad de M\u00e9xico y presidente de la Conago, Miguel \u00c1ngel Mancera Espinosa, el mandatario resalt\u00f3 la importancia de vislumbrar estos momentos dif\u00edciles como un espacio de oportunidad para relanzar actividades tan destacadas para las econom\u00edas estatales y nacional, como es justamente el caso este rubro.<\/p>\n<p>A\u00f1adi\u00f3 que es muy importante reforzar programas como los que impulsa el Gobierno de la Rep\u00fablica en esta zona del pa\u00eds. En ese sentido, reconoci\u00f3 el valor de esquemas nacionales como el de \u201cViajemos todos por M\u00e9xico\u201d y de la estrategia Mundo Maya, que integra la regi\u00f3n del sureste: Yucat\u00e1n, Campeche, Quintana Roo, Chiapas, Tabasco y Oaxaca.<\/p>\n<p>Son entidades que han sido afectadas y que fortaleciendo esta visi\u00f3n, de unidad, de integraci\u00f3n y de viaje rec\u00edproco, ciertamente se dar\u00e1 un mayor impulso a estas zonas, subray\u00f3 junto a los gobernadores de Quintana Roo, Carlos Joaqu\u00edn Gonz\u00e1lez, quien este d\u00eda asumi\u00f3 la vicecoordinaci\u00f3n de la referida Comisi\u00f3n, y de Baja California Sur, Carlos Mendoza Davis.<\/p>\n<p>Durante el encuentro, De la Madrid Cordero destac\u00f3 que el turismo es un gran motor econ\u00f3mico de la naci\u00f3n, pues representa actualmente el 8.7 por ciento del Producto Interno Bruto. Detall\u00f3 que en el primer semestre de 2017, este rubro ha crecido un siete por ciento en relaci\u00f3n al mismo periodo del a\u00f1o anterior.<\/p>\n<p>&#8220;La actividad tur\u00edstica en M\u00e9xico emplea a m\u00e1s de 10 millones de mexicanos y es el principal sostenimiento y fuente de bienestar para millones de familias. Tan s\u00f3lo en 2016 recibimos m\u00e1s de 35 millones de turistas, lo que posiciona a nuestro pa\u00eds como el octavo en el mundo en la recepci\u00f3n de turistas internacionales. Adem\u00e1s, contamos con las fortalezas y el potencial para continuar el crecimiento sostenido de los \u00faltimos ocho a\u00f1os&#8221;, asever\u00f3.<\/p>\n<p>Por otra parte, enlist\u00f3 los acuerdos tomados en el seno de este \u00f3rgano colegiado, entre los que figuran el establecimiento de centros de atenci\u00f3n al turista como un mecanismo para la colaboraci\u00f3n interinstitucional, en el que confluyen en un mismo lugar los servicios de todas las autoridades involucradas en ese sector.<\/p>\n<p>&#8220;Buscaremos acuerdos espec\u00edficos con autoridades de los tres \u00f3rdenes de Gobierno, reactivos y preventivos, contando con el invaluable apoyo de las Fuerzas Armadas del pa\u00eds, Ej\u00e9rcito, Marina Armada y Fuerza A\u00e9rea, a fin de sumar y coordinar esfuerzos en la prevenci\u00f3n y combate de la delincuencia&#8221;, acot\u00f3.<\/p>\n<p>En su oportunidad, Mendoza Davis hizo hincapi\u00e9 en la convocatoria para que esta reuni\u00f3n se celebre en la entidad y resalt\u00f3 que continuar\u00e1 con el trabajo coordinado con instancias federales y estatales para dar seguimiento a acciones para incrementar la competitividad tur\u00edstica, que propicie el crecimiento econ\u00f3mico, el empleo y el bienestar de la gente.<\/p>\n<p>En este encuentro y como parte de la estrategia para reactivar el dinamismo monetario  en las zonas afectadas por sismos, tambi\u00e9n se acord\u00f3 realizar en la ciudad de Oaxaca el pr\u00f3ximo pleno de conclusiones del Foro Nacional de Turismo.<\/p>\n<p>Al finalizar el acto, el mandatario yucateco y el secretario de Turismo federal realizaron un recorrido por la Feria Comercial de la 24 Conferencia Anual de Cruceros y Exposici\u00f3n de la Asociaci\u00f3n de Cruceros de Florida y el Caribe (FCCA, por sus siglas en ingl\u00e9s), en el que constataron los diferentes productos que ofrece la regi\u00f3n.<\/p><\/p>\n","protected":false},"excerpt":{"rendered":"<p>Gobernadores anuncian acciones para incentivar la actividad en zonas afectadas por los sismos.<\/p>\n","protected":false},"author":1018,"featured_media":0,"comment_status":"open","ping_status":"open","sticky":false,"template":"","format":"standard","meta":{"tdm_status":"","tdm_grid_status":"","footnotes":""},"categories":[21],"tags":[],"_links":{"self":[{"href":"https:\/\/dralvarez.com.mx\/larevista\/wp-json\/wp\/v2\/posts\/59448"}],"collection":[{"href":"https:\/\/dralvarez.com.mx\/larevista\/wp-json\/wp\/v2\/posts"}],"about":[{"href":"https:\/\/dralvarez.com.mx\/larevista\/wp-json\/wp\/v2\/types\/post"}],"author":[{"embeddable":true,"href":"https:\/\/dralvarez.com.mx\/larevista\/wp-json\/wp\/v2\/users\/1018"}],"replies":[{"embeddable":true,"href":"https:\/\/dralvarez.com.mx\/larevista\/wp-json\/wp\/v2\/comments?post=59448"}],"version-history":[{"count":0,"href":"https:\/\/dralvarez.com.mx\/larevista\/wp-json\/wp\/v2\/posts\/59448\/revisions"}],"wp:attachment":[{"href":"https:\/\/dralvarez.com.mx\/larevista\/wp-json\/wp\/v2\/media?parent=59448"}],"wp:term":[{"taxonomy":"category","embeddable":true,"href":"https:\/\/dralvarez.com.mx\/larevista\/wp-json\/wp\/v2\/categories?post=59448"},{"taxonomy":"post_tag","embeddable":true,"href":"https:\/\/dralvarez.com.mx\/larevista\/wp-json\/wp\/v2\/tags?post=59448"}],"curies":[{"name":"wp","href":"https:\/\/api.w.org\/{rel}","templated":true}]}}