{"id":59447,"date":"2017-10-25T00:00:00","date_gmt":"2017-10-25T06:00:00","guid":{"rendered":"https:\/\/dralvarez.com.mx\/larevista\/blog\/capacitacion-para-estilistas-del-sur-de-la-ciudad-19066"},"modified":"2017-10-25T00:00:00","modified_gmt":"2017-10-25T06:00:00","slug":"capacitacion-para-estilistas-del-sur-de-la-ciudad-19066","status":"publish","type":"post","link":"https:\/\/dralvarez.com.mx\/larevista\/yucatan\/capacitacion-para-estilistas-del-sur-de-la-ciudad-19066","title":{"rendered":"Capacitaci\u00f3n para estilistas del sur de la ciudad"},"content":{"rendered":"<\/p>\n<p>M\u00e9rida, Yucat\u00e1n, a 24 de octubre de 2017. Las mujeres han buscado nuevas opciones que les permitan contribuir con la econom\u00eda familiar, sentirse empoderadas y desarrollarse de forma personal, algunas de ellas  han encontrado en el estilismo una opci\u00f3n que les ha permitido generar independencia econ\u00f3mica.<\/p>\n<p>Un grupo de alrededor de 300 estilistas del sur de M\u00e9rida tuvieron la oportunidad de mejorar sus t\u00e9cnicas en color de fantas\u00eda y corte, como parte de las acciones de Liborio Vidal Aguilar para brindar apoyo y herramientas para que las mujeres puedan mejorar su forma de vida y la de sus familias.<\/p>\n<p>El grupo de mujeres originarias de diferentes colonias como San Antonio Xluch, Plan de Ayala, Santa Cruz Palomeque, Mercedes Barrera, e incluso de la comisar\u00eda de Molas, entre otras, se reunieron en la sala de fiestas \u201cAngelique\u201d, en la Dolores Otero, para tomar el curso que imparti\u00f3 Valent\u00edn Baas, t\u00e9cnico de una empresa de belleza.<\/p>\n<p>De 4 de la tarde a 7 de la noche, las presentes fueron testigos de la forma en c\u00f3mo aplicar las nuevas tendencias en tintes en tonos rojos y rosados, para que la clase fuera m\u00e1s provechosa, todo el procedimiento se transmiti\u00f3 en pantallas ubicadas en puntos estrat\u00e9gicos del sal\u00f3n.<\/p>\n<p>Las modelos fueron seleccionadas entre las asistentes, quienes al culminar el proceso tambi\u00e9n ten\u00edan un nuevo look, en la ceremonia de clausura se rifaron diversos art\u00edculos entre planchas para cabello, paquetes de tintes y tijeras especiales.<\/p>\n<p>\u201cLas mujeres, y m\u00e1s las mujeres yucatecas, son un ejemplo de trabajo y esfuerzo, ustedes son personas confiables que no tienen miedo de trabajar para que a sus familias les vaya mejor, me da mucho gusto ver que puedo contribuir para que desarrollen sus habilidades y puedan fortalecerse esta especialidad que eligieron para construir un negocio pr\u00f3spero\u201d, dijo el #AmigoLibo.<\/p><\/p>\n","protected":false},"excerpt":{"rendered":"<p>El #AmigoLibo da impulso a las emprendedoras de M\u00e9rida<\/p>\n","protected":false},"author":1018,"featured_media":0,"comment_status":"open","ping_status":"open","sticky":false,"template":"","format":"standard","meta":{"tdm_status":"","tdm_grid_status":"","footnotes":""},"categories":[21],"tags":[],"_links":{"self":[{"href":"https:\/\/dralvarez.com.mx\/larevista\/wp-json\/wp\/v2\/posts\/59447"}],"collection":[{"href":"https:\/\/dralvarez.com.mx\/larevista\/wp-json\/wp\/v2\/posts"}],"about":[{"href":"https:\/\/dralvarez.com.mx\/larevista\/wp-json\/wp\/v2\/types\/post"}],"author":[{"embeddable":true,"href":"https:\/\/dralvarez.com.mx\/larevista\/wp-json\/wp\/v2\/users\/1018"}],"replies":[{"embeddable":true,"href":"https:\/\/dralvarez.com.mx\/larevista\/wp-json\/wp\/v2\/comments?post=59447"}],"version-history":[{"count":0,"href":"https:\/\/dralvarez.com.mx\/larevista\/wp-json\/wp\/v2\/posts\/59447\/revisions"}],"wp:attachment":[{"href":"https:\/\/dralvarez.com.mx\/larevista\/wp-json\/wp\/v2\/media?parent=59447"}],"wp:term":[{"taxonomy":"category","embeddable":true,"href":"https:\/\/dralvarez.com.mx\/larevista\/wp-json\/wp\/v2\/categories?post=59447"},{"taxonomy":"post_tag","embeddable":true,"href":"https:\/\/dralvarez.com.mx\/larevista\/wp-json\/wp\/v2\/tags?post=59447"}],"curies":[{"name":"wp","href":"https:\/\/api.w.org\/{rel}","templated":true}]}}