{"id":59445,"date":"2017-10-24T00:00:00","date_gmt":"2017-10-24T06:00:00","guid":{"rendered":"https:\/\/dralvarez.com.mx\/larevista\/blog\/yucatan-destino-cultural-del-caribe-19064"},"modified":"2017-10-24T00:00:00","modified_gmt":"2017-10-24T06:00:00","slug":"yucatan-destino-cultural-del-caribe-19064","status":"publish","type":"post","link":"https:\/\/dralvarez.com.mx\/larevista\/yucatan\/yucatan-destino-cultural-del-caribe-19064","title":{"rendered":"Yucat\u00e1n, destino cultural del Caribe"},"content":{"rendered":"<p>M\u00e9rida, Yucat\u00e1n, 24 de octubre de 2017.- Yucat\u00e1n es un mosaico representativo del bagaje tradicional e hist\u00f3rico que caracteriza a todo M\u00e9xico y esto demuestra que es el destino cultural del Caribe con una gran puerta de entrada mar\u00edtima en el simb\u00f3lico puerto de Progreso, destac\u00f3 el Gobernador Rolando Zapata Bello al participar en la ceremonia inaugural de la 24 Conferencia Anual de Cruceros y Exposici\u00f3n de la Asociaci\u00f3n de Cruceros de Florida y el Caribe (FCCA, por sus siglas en ingl\u00e9s).<\/p>\n<p>El mandatario acompa\u00f1\u00f3 al titular de la Secretar\u00eda de Turismo (Sectur), Enrique de la Madrid Cordero, quien inaugur\u00f3 dicho evento en el que se refrend\u00f3 la solidaridad para levantar la infraestructura de los pueblos caribe\u00f1os afectados por el paso de huracanes y aprovechar este reto para transformar la industria en la materia.<\/p>\n<p>Con la asistencia de Michelle Paige, presidenta de la FCCA,  Zapata Bello asever\u00f3 que Yucat\u00e1n para el Caribe es un mosaico de experiencias, donde los visitantes pueden  disfrutar el rosa de los flamencos, el azul profundo de los cenotes, las piedras calizas de zonas arqueol\u00f3gicas como Chich\u00e9n Itz\u00e1, el verde de la selva maya, los pueblos coloniales, la gastronom\u00eda que es patrimonio de la humanidad, y la m\u00fasica que atrapa y enamora.<\/p>\n<p>Ante sus hom\u00f3logos de Baja California Sur y Quintana Roo, Carlos Mendoza Davis y Carlos Joaqu\u00edn Gonz\u00e1lez, respectivamente, el titular del Poder Ejecutivo agradeci\u00f3  la confianza de la Asociaci\u00f3n para organizar la Conferencia en la entidad y la participaci\u00f3n de todos los socios de navieras, ya que ello demuestra que esta tierra del sureste mexicano toma cada vez mayor relevancia en el plano de cruceros y va por el rumbo correcto.<\/p>\n<p>\u201cUna Conferencia en la que concertaremos fuertes y duraderos lazos comerciales, en la que encontraremos ofertas, paquetes, gu\u00edas, nuevos destinos y m\u00e1s conectividad, y cada negocio que se cierre, cada acuerdo que se alcance contribuir\u00e1 a impulsar el turismo en toda nuestra regi\u00f3n\u201d, a\u00f1adi\u00f3 acompa\u00f1ado de Adam Goldstein, presidente de la Royal Caribbean Cruises y chairman de la FCCA.<\/p>\n<p>En su turno, el funcionario federal asegur\u00f3 que M\u00e9xico actualmente est\u00e1 abierto al negocio y que ve al sector como un medio para desarrollar a las comunidades con calidad y equilibrio.<\/p>\n<p>Al pedir a los participantes no perder la oportunidad de conocer todos los atractivos naturales, prehisp\u00e1nicos y coloniales de Yucat\u00e1n, resalt\u00f3 que estrategias como la marca Mundo Maya, que incluye a estados mexicanos y cinco pa\u00edses de Am\u00e9rica Central, se puede trabajar en unidad para ofrecer a la regi\u00f3n del Caribe como un multidestino, por lo que anim\u00f3 a todos pensar a futuro y proyectar las fuerzas que se tienen.<\/p>\n<p>En compa\u00f1\u00eda de Orlando Ashford, presidente de Holland America Line, Adam Goldstein coment\u00f3 que a lo largo de 50 a\u00f1os, la industria del Caribe ha crecido con barcos de mayores caracter\u00edsticas y cautivando a gente de todo el mundo para disfrutar las bellezas de la zona, por lo que convoc\u00f3 a superar los retos y reconstruir los sitios afectados por el paso de huracanes.<\/p>\n<p>Posteriormente, las autoridades presenciaron la mesa redonda sobre el sector de cruceros, en la que intervinieron presidentes de navieras de la regi\u00f3n, para luego dar apertura a la feria comercial de la Conferencia, en la que se ofrecen servicios, as\u00ed como oportunidades de inversi\u00f3n y de infraestructura.<\/p>\n<p>M\u00e1s tarde, el titular del Poder Ejecutivo y el funcionario federal, junto con los mandatarios de Quintana Roo y Baja California Sur, as\u00ed como el jefe de Gobierno de la Ciudad de M\u00e9xico, Miguel \u00c1ngel Mancera Espinosa, inauguraron la Feria Comercial de la edici\u00f3n 24 de la FCCA.<\/p>\n<p><\/p>\n","protected":false},"excerpt":{"rendered":"<p>Solidaridad ante las regiones afectadas por los huracanes.<\/p>\n","protected":false},"author":1018,"featured_media":0,"comment_status":"open","ping_status":"open","sticky":false,"template":"","format":"standard","meta":{"tdm_status":"","tdm_grid_status":"","footnotes":""},"categories":[21],"tags":[],"_links":{"self":[{"href":"https:\/\/dralvarez.com.mx\/larevista\/wp-json\/wp\/v2\/posts\/59445"}],"collection":[{"href":"https:\/\/dralvarez.com.mx\/larevista\/wp-json\/wp\/v2\/posts"}],"about":[{"href":"https:\/\/dralvarez.com.mx\/larevista\/wp-json\/wp\/v2\/types\/post"}],"author":[{"embeddable":true,"href":"https:\/\/dralvarez.com.mx\/larevista\/wp-json\/wp\/v2\/users\/1018"}],"replies":[{"embeddable":true,"href":"https:\/\/dralvarez.com.mx\/larevista\/wp-json\/wp\/v2\/comments?post=59445"}],"version-history":[{"count":0,"href":"https:\/\/dralvarez.com.mx\/larevista\/wp-json\/wp\/v2\/posts\/59445\/revisions"}],"wp:attachment":[{"href":"https:\/\/dralvarez.com.mx\/larevista\/wp-json\/wp\/v2\/media?parent=59445"}],"wp:term":[{"taxonomy":"category","embeddable":true,"href":"https:\/\/dralvarez.com.mx\/larevista\/wp-json\/wp\/v2\/categories?post=59445"},{"taxonomy":"post_tag","embeddable":true,"href":"https:\/\/dralvarez.com.mx\/larevista\/wp-json\/wp\/v2\/tags?post=59445"}],"curies":[{"name":"wp","href":"https:\/\/api.w.org\/{rel}","templated":true}]}}