{"id":59441,"date":"2017-10-24T00:00:00","date_gmt":"2017-10-24T06:00:00","guid":{"rendered":"https:\/\/dralvarez.com.mx\/larevista\/blog\/mejorias-en-la-estancia-temporal-de-sedesol-19060"},"modified":"2017-10-24T00:00:00","modified_gmt":"2017-10-24T06:00:00","slug":"mejorias-en-la-estancia-temporal-de-sedesol-19060","status":"publish","type":"post","link":"https:\/\/dralvarez.com.mx\/larevista\/yucatan\/mejorias-en-la-estancia-temporal-de-sedesol-19060","title":{"rendered":"Mejor\u00edas en la Estancia Temporal de Sedesol"},"content":{"rendered":"<\/p>\n<p>M\u00e9rida, Yucat\u00e1n,<br \/>\n24 de octubre de 2017.- Maximiliana y Juan tuvieron que dejar su hogar y milpa<br \/>\nen Tixcacalcupul para cuidar a su mam\u00e1, do\u00f1a Alberta Caj\u00fan Tun, quien tuvo<br \/>\ncomplicaciones en un ri\u00f1\u00f3n y est\u00e1 ingresada en el Hospital General \u201cAgust\u00edn<br \/>\nO\u00b4Hor\u00e1n\u201d<\/p>\n<p>Juan relat\u00f3<br \/>\nque al principio se preocuparon mucho porque no cuenta con familia o amigos en<br \/>\nla capital yucateca que le pudiera dar apoyo o el ingreso para rentar un lugar<br \/>\nd\u00f3nde quedarse porque la estad\u00eda ser\u00e1 un poco larga.<\/p>\n<p>Sin embargo,<br \/>\npor conocidos se enter\u00f3 del servicio que ofrece la Estancia Temporal de la<br \/>\nSecretar\u00eda de Desarrollo Social (Sedesol) para familiares de pacientes que se<br \/>\nencuentran en el mencionado nosocomio donde les ofrecen hospedaje, ba\u00f1o,<br \/>\nlavander\u00eda y sus tres comidas.<\/p>\n<p>\u201cEstoy muy<br \/>\nagradecido por la ayuda que recibimos, nos atienden muy bien, no tendr\u00edamos con<br \/>\nque pagarlo\u201d, expres\u00f3. <\/p>\n<p>El titular<br \/>\nde la Sedesol, Mauricio Sahu\u00ed Rivero, visit\u00f3 el albergue y constat\u00f3 las<br \/>\nmejoraras &nbsp;a las instalaciones con una inversi\u00f3n de 300 mil pesos para<br \/>\nbrindar mayor comodidad de quienes acuden ah\u00ed por un d\u00eda o hasta meses.<\/p>\n<p>\u201cMuchas<br \/>\nfamilias requieren de la atenci\u00f3n, por eso hicimos unas mejoras. Fueron<br \/>\ndebidamente resanadas las paredes, con espacios dignos en los ba\u00f1os y la<br \/>\ncocina\u201d, manifest\u00f3.<\/p>\n<p>Los<br \/>\ndormitorios cuentan con 46 camas, de las cuales 23 son mujeres y un tanto igual<br \/>\npara hombres.<\/p>\n<p>En el lugar,<br \/>\nel funcionario estatal salud\u00f3 y escuch\u00f3 los diferentes casos de mujeres y<br \/>\nhombres como Juan que vive a m\u00e1s de dos horas de M\u00e9rida y no puede viajar todos<br \/>\nlos d\u00edas, por lo que la estancia representa un gran apoyo para su econom\u00eda.<\/p>\n<p>Asimismo,<br \/>\nconoci\u00f3 a Gladys Mar\u00eda Pech G\u00f3mez que junto con su hija Gladys Cervantes Pech,<br \/>\noriundas de Tekax se encuentran desde hace 15 d\u00edas hospedadas debido a que su<br \/>\nesposo se encuentra en terapia intensiva por un problema del ri\u00f1\u00f3n.<\/p>\n<p>\u201cMuchas son<br \/>\nlas historias de personas que dejan sus lugares de origen y hasta sus trabajos<br \/>\npara poder estar con el familiar convaleciente. En medio de esa preocupaci\u00f3n,<br \/>\nprocuramos que los gastos de alimentaci\u00f3n y hospedaje dejen de ser una carga y<br \/>\nsolamente se ocupen de la persona que, por desgracia, se encuentra enferma\u201d<br \/>\n&nbsp;<\/p>\n<p>En el<br \/>\nalbergue, que recibe a un promedio de3 mil usuarios al a\u00f1o, tambi\u00e9n ofrece<br \/>\nasesor\u00eda jur\u00eddica, atenci\u00f3n psicol\u00f3gica y gesti\u00f3n para medicamentos.<\/p><\/p>\n","protected":false},"excerpt":{"rendered":"<p>El espacio atiende al a\u00f1o a cerca de 3 mil personas.<\/p>\n","protected":false},"author":1018,"featured_media":0,"comment_status":"open","ping_status":"open","sticky":false,"template":"","format":"standard","meta":{"tdm_status":"","tdm_grid_status":"","footnotes":""},"categories":[21],"tags":[],"_links":{"self":[{"href":"https:\/\/dralvarez.com.mx\/larevista\/wp-json\/wp\/v2\/posts\/59441"}],"collection":[{"href":"https:\/\/dralvarez.com.mx\/larevista\/wp-json\/wp\/v2\/posts"}],"about":[{"href":"https:\/\/dralvarez.com.mx\/larevista\/wp-json\/wp\/v2\/types\/post"}],"author":[{"embeddable":true,"href":"https:\/\/dralvarez.com.mx\/larevista\/wp-json\/wp\/v2\/users\/1018"}],"replies":[{"embeddable":true,"href":"https:\/\/dralvarez.com.mx\/larevista\/wp-json\/wp\/v2\/comments?post=59441"}],"version-history":[{"count":0,"href":"https:\/\/dralvarez.com.mx\/larevista\/wp-json\/wp\/v2\/posts\/59441\/revisions"}],"wp:attachment":[{"href":"https:\/\/dralvarez.com.mx\/larevista\/wp-json\/wp\/v2\/media?parent=59441"}],"wp:term":[{"taxonomy":"category","embeddable":true,"href":"https:\/\/dralvarez.com.mx\/larevista\/wp-json\/wp\/v2\/categories?post=59441"},{"taxonomy":"post_tag","embeddable":true,"href":"https:\/\/dralvarez.com.mx\/larevista\/wp-json\/wp\/v2\/tags?post=59441"}],"curies":[{"name":"wp","href":"https:\/\/api.w.org\/{rel}","templated":true}]}}