{"id":59411,"date":"2017-10-23T00:00:00","date_gmt":"2017-10-23T06:00:00","guid":{"rendered":"https:\/\/dralvarez.com.mx\/larevista\/blog\/merida-referente-en-iberoamerica-en-la-lucha-contra-el-cambio-climatico-19030"},"modified":"2017-10-23T00:00:00","modified_gmt":"2017-10-23T06:00:00","slug":"merida-referente-en-iberoamerica-en-la-lucha-contra-el-cambio-climatico-19030","status":"publish","type":"post","link":"https:\/\/dralvarez.com.mx\/larevista\/yucatan\/merida-referente-en-iberoamerica-en-la-lucha-contra-el-cambio-climatico-19030","title":{"rendered":"M\u00e9rida referente en Iberoam\u00e9rica en la lucha contra el Cambio Clim\u00e1tico"},"content":{"rendered":"<p>El alcalde de M\u00e9rida, Mauricio Vila Dosal, fue elegido para formar parte del Comit\u00e9 Ejecutivo Regional de los Gobiernos Locales por la Sustentabilidad (ICLEI) organismo l\u00edder en el mundo para la construcci\u00f3n y formaci\u00f3n de ciudades sustentables.<\/p>\n<p>Por conducto de Edgar Villase\u00f1or Franco, Secretario Regional para M\u00e9xico, Centroam\u00e9rica y el Caribe de \u00e9ste organismo, el presidente municipal fue notificado de su elecci\u00f3n, para el per\u00edodo 2018-2021, lo cual implicar\u00e1 tambi\u00e9n su participaci\u00f3n en el Consejo Global del ICLEI durante el mismo lapso. El presidente del Comit\u00e9 Ejecutivo Mundial es Park Won Soon, Alcalde de Se\u00fal; Corea del Sur.<\/p>\n<p>A nivel mundial, el ICLEI est\u00e1 presente en m\u00e1s de 1500 ciudades del mundo, su misi\u00f3n es ayudarlas a ser bajas emisoras de carbono, a ser resilientes, biodiversas, con una econom\u00eda verde y a utilizar infraestructura urbana inteligente para mejorar la calidad de vida de sus pobladores. Actualmente su labor, est\u00e1 impactando a m\u00e1s del 20% de la poblaci\u00f3n mundial.<\/p>\n<p>Tambi\u00e9n formar\u00e1n parte del Comit\u00e9 Ejecutivo Regional (Rexcom) para este peri?odo Nasry Juan Asfura Zablah, alcalde de Tegucigalpa, Honduras; Verny Valerio Hern\u00e1ndez, alcalde de San Rafael de Heredia, Costa Rica; Jorge Sandoval Di?az, gobernador del Estado de Jalisco y Perla Tun Pech, alcaldesa de Cozumel.<\/p>\n<p>El presidente municipal coment\u00f3 que este nombramiento coloca a M\u00e9rida como una ciudad que destaca en Iberoam\u00e9rica por las acciones que su gobierno municipal realiza para fortalecer la sustentabilidad y entre otros aspectos, enfrentar una realidad absoluta como los efectos del cambio clim\u00e1tico.<\/p>\n<p>Record\u00f3 que la capital yucateca es la \u00fanica ciudad de M\u00e9xico, junto con Gualadajara y la Ciudad de M\u00e9xico en contar con un inventario de gases de efecto invernadero, en el que se aplica un Protocolo Global a Escala Comunitaria.<\/p>\n<p>Adem\u00e1s M\u00e9rida cuenta con un Plan Municipal de Infraestructura Verde as\u00ed como el programa de Gesti\u00f3n de Espacios P\u00fablicos, la instalaci\u00f3n de la Junta de Gobierno del Organismo P\u00fablico Municipal de Operaci\u00f3n y Administraci\u00f3n de la Reserva Ecol\u00f3gica de Cuxtal y el fomento al uso de la bicicleta entre otras acciones.<\/p>\n<p>A\u00f1adi\u00f3 que las l\u00edneas de trabajo transversales que el Ayuntamiento de M\u00e9rida ha puesto en marcha desde el inicio de la actual administraci\u00f3n buscan fortalecer la sustentabilidad en materia alimentaria, redensificaci\u00f3n urbana, generaci\u00f3n de energ\u00eda limpia, movilidad sustentable, fomento de \u00e1reas verdes, manejo integral de residuos, educaci\u00f3n ambiental y ecoturismo.<\/p>\n<p>Lo anterior significa que M\u00e9rida podr\u00e1 contribuir a alcanzar las metas nacionales contempladas en la Ley General del Cambio Clim\u00e1tico, como la reducci\u00f3n del 30% de las emisiones de carbono al 2020 y la reducci\u00f3n del 50% de las emisiones al 2050 en relaci\u00f3n con las emitidas al a\u00f1o 2000.<\/p>\n<p><\/p>\n","protected":false},"excerpt":{"rendered":"<p>El alcalde, Mauricio Vila Dosal, fue elegido como integrante del Comit\u00e9 Ejecutivo Regional del organismo Gobierno Locales por la Sustentabilidad (ICLE<\/p>\n","protected":false},"author":1018,"featured_media":0,"comment_status":"open","ping_status":"open","sticky":false,"template":"","format":"standard","meta":{"tdm_status":"","tdm_grid_status":"","footnotes":""},"categories":[21],"tags":[],"_links":{"self":[{"href":"https:\/\/dralvarez.com.mx\/larevista\/wp-json\/wp\/v2\/posts\/59411"}],"collection":[{"href":"https:\/\/dralvarez.com.mx\/larevista\/wp-json\/wp\/v2\/posts"}],"about":[{"href":"https:\/\/dralvarez.com.mx\/larevista\/wp-json\/wp\/v2\/types\/post"}],"author":[{"embeddable":true,"href":"https:\/\/dralvarez.com.mx\/larevista\/wp-json\/wp\/v2\/users\/1018"}],"replies":[{"embeddable":true,"href":"https:\/\/dralvarez.com.mx\/larevista\/wp-json\/wp\/v2\/comments?post=59411"}],"version-history":[{"count":0,"href":"https:\/\/dralvarez.com.mx\/larevista\/wp-json\/wp\/v2\/posts\/59411\/revisions"}],"wp:attachment":[{"href":"https:\/\/dralvarez.com.mx\/larevista\/wp-json\/wp\/v2\/media?parent=59411"}],"wp:term":[{"taxonomy":"category","embeddable":true,"href":"https:\/\/dralvarez.com.mx\/larevista\/wp-json\/wp\/v2\/categories?post=59411"},{"taxonomy":"post_tag","embeddable":true,"href":"https:\/\/dralvarez.com.mx\/larevista\/wp-json\/wp\/v2\/tags?post=59411"}],"curies":[{"name":"wp","href":"https:\/\/api.w.org\/{rel}","templated":true}]}}