{"id":59408,"date":"2017-10-23T00:00:00","date_gmt":"2017-10-23T06:00:00","guid":{"rendered":"https:\/\/dralvarez.com.mx\/larevista\/blog\/compromiso-permanente-con-la-educacion-de-los-trabajadores-yucatecos-19027"},"modified":"2017-10-23T00:00:00","modified_gmt":"2017-10-23T06:00:00","slug":"compromiso-permanente-con-la-educacion-de-los-trabajadores-yucatecos-19027","status":"publish","type":"post","link":"https:\/\/dralvarez.com.mx\/larevista\/yucatan\/compromiso-permanente-con-la-educacion-de-los-trabajadores-yucatecos-19027","title":{"rendered":"Compromiso permanente, con la educaci\u00f3n de los trabajadores yucatecos"},"content":{"rendered":"<p>M\u00e9rida, Yucat\u00e1n, 23 de Octubre del 2017.- &#8220;Un trabajador mejor educado tendr\u00e1 mayor capacidad para operar, para servir, de crecer econ\u00f3micamente y tener un camino m\u00e1s por seguir, afirm\u00f3 el director General Instituto de Educaci\u00f3n para Adultos del Estado de Yucat\u00e1n (Ieaey), Juan Carlos Cervera Pav\u00eda, al reconocer la labor de la Federaci\u00f3n Revolucionaria de Obreros y Campesinos (CROC) de la entidad.<\/p>\n<p>Acompa\u00f1ado del titular y el delegado de las Secretar\u00edas de Educaci\u00f3n local (Segey) y federal (SEP), V\u00edctor Caballero Dur\u00e1n y Wilberth Chi G\u00f3ngora, respectivamente, el funcionario otorg\u00f3 a la referida agrupaci\u00f3n el distintivo de organizaci\u00f3n de la sociedad civil comprometida con la educaci\u00f3n.<\/p>\n<p>En el acto, Cervera Pav\u00eda agradeci\u00f3 al secretario General de la CROC estatal, Pedro Oxt\u00e9 Conrado, por las facilidades otorgadas para realizar el evento y coment\u00f3 que \u00e9ste es un reconocimiento justo para aquellos que como la CROC se preocupan por la preparaci\u00f3n de sus empleados.<\/p>\n<p>&#8220;Desde hace muchos a\u00f1os hemos contado con su apoyo para que en todas las empresas en donde tengan presencia nos permitan dar la instrucci\u00f3n a los adultos en sus propios centros, pero adem\u00e1s lo hacemos en forma gratuita&#8221;, subray\u00f3 junto a la directora General del Instituto de Capacitaci\u00f3n para el Trabajo (Icatey), Mar\u00eda Elena Andrade Uitzil.<\/p>\n<p>A\u00f1adi\u00f3 que dichos resultados son porque se siguen las instrucciones que ha dado el Gobernador del Estado, Rolando Zapata Bello, de llevar la educaci\u00f3n a todas las trincheras y a todos los rincones del territorio para cumplir con el eje del bienestar en educaci\u00f3n.<\/p>\n<p>Por su parte, Oxt\u00e9 Conrado record\u00f3 que ya varios l\u00edderes han recibido esta distinci\u00f3n por varias acciones realizadas en conjunto con el Ieaey y las firmas, que ahora est\u00e1n libres de este rezago. &#8220;Queremos trabajadores preparados, de primera, mostrando su capacidad y recibiendo los cursos y certificando las habilidades que tienen&#8221;, expres\u00f3.<\/p>\n<p>En presencia de la secretaria General de la Federaci\u00f3n de Sindicatos de Trabajadores al Servicio del Estado (Fstse), Flor Isela Vargas S\u00e1nchez, Caballero Dur\u00e1n hizo hincapi\u00e9 en la labor de la CROC y en el impulso al empleo y la inversi\u00f3n privada que emana de la actual administraci\u00f3n estatal.<\/p>\n<p>&#8220;Yucat\u00e1n es la \u00fanica entidad que ha crecido el triple; hay cada vez m\u00e1s inversi\u00f3n y se generan m\u00e1s empleos. Hoy en d\u00eda contamos con 60 mil empleos formales, cada vez con mejores salarios, es as\u00ed como empiezan las tareas, ya que las empresas reclaman un capital humano preparado&#8221;, asever\u00f3.<\/p>\n<p>A\u00f1adi\u00f3 que en el Gobierno se ha dise\u00f1ado un plan que permite llegar a las condiciones que se tienen en el territorio en materia de desarrollo social, econ\u00f3mico y educativo, cuyas pruebas del avance est\u00e1n a la vista.<\/p>\n<p>&#8220;El reto es que ese desarrollo que hoy tenemos se pueda consolidar en los pr\u00f3ximos a\u00f1os y eso se lograr\u00e1 si seguimos trabajando unidos, si seguimos trabajando en el mismo prop\u00f3sito, si seguimos trabajando por la gente y por las familias&#8221;, puntualiz\u00f3.<\/p>\n<p>Asimismo, invito a seguir colaborando con las organizaciones y el Gobierno para que ese bienestar llegue a todos y que la riqueza se distribuya. &#8220;Eso estamos haciendo desde la Segey y sin duda con la CROC&#8221;, finaliz\u00f3 ante el delegado General del Instituto del Fondo Nacional de la Vivienda para los Trabajadores (Infonavit), Manuel Bonilla Ocampo, y la diputada Ver\u00f3nica Camino Farjat.<\/p>\n<p><\/p>\n","protected":false},"excerpt":{"rendered":"<p>Reconoce el Ieaey a la CROC por facilitar la preparaci\u00f3n de sus agremiados.<\/p>\n","protected":false},"author":1018,"featured_media":0,"comment_status":"open","ping_status":"open","sticky":false,"template":"","format":"standard","meta":{"tdm_status":"","tdm_grid_status":"","footnotes":""},"categories":[21],"tags":[],"_links":{"self":[{"href":"https:\/\/dralvarez.com.mx\/larevista\/wp-json\/wp\/v2\/posts\/59408"}],"collection":[{"href":"https:\/\/dralvarez.com.mx\/larevista\/wp-json\/wp\/v2\/posts"}],"about":[{"href":"https:\/\/dralvarez.com.mx\/larevista\/wp-json\/wp\/v2\/types\/post"}],"author":[{"embeddable":true,"href":"https:\/\/dralvarez.com.mx\/larevista\/wp-json\/wp\/v2\/users\/1018"}],"replies":[{"embeddable":true,"href":"https:\/\/dralvarez.com.mx\/larevista\/wp-json\/wp\/v2\/comments?post=59408"}],"version-history":[{"count":0,"href":"https:\/\/dralvarez.com.mx\/larevista\/wp-json\/wp\/v2\/posts\/59408\/revisions"}],"wp:attachment":[{"href":"https:\/\/dralvarez.com.mx\/larevista\/wp-json\/wp\/v2\/media?parent=59408"}],"wp:term":[{"taxonomy":"category","embeddable":true,"href":"https:\/\/dralvarez.com.mx\/larevista\/wp-json\/wp\/v2\/categories?post=59408"},{"taxonomy":"post_tag","embeddable":true,"href":"https:\/\/dralvarez.com.mx\/larevista\/wp-json\/wp\/v2\/tags?post=59408"}],"curies":[{"name":"wp","href":"https:\/\/api.w.org\/{rel}","templated":true}]}}