{"id":59404,"date":"2017-10-23T00:00:00","date_gmt":"2017-10-23T06:00:00","guid":{"rendered":"https:\/\/dralvarez.com.mx\/larevista\/blog\/yucatan-reconoce-la-invaluable-labor-de-las-y-los-medicos-mexicanos-19023"},"modified":"2017-10-23T00:00:00","modified_gmt":"2017-10-23T06:00:00","slug":"yucatan-reconoce-la-invaluable-labor-de-las-y-los-medicos-mexicanos-19023","status":"publish","type":"post","link":"https:\/\/dralvarez.com.mx\/larevista\/yucatan\/yucatan-reconoce-la-invaluable-labor-de-las-y-los-medicos-mexicanos-19023","title":{"rendered":"Yucat\u00e1n reconoce la invaluable labor de las y los m\u00e9dicos mexicanos"},"content":{"rendered":"<\/p>\n<p>Ciudad de M\u00e9xico, 23 de octubre de 2017.- En calidad de coordinador de la Comisi\u00f3n de Salud de la Conferencia Nacional de Gobernadores (Conago), el titular del Poder Ejecutivo de Yucat\u00e1n, Rolando Zapata Bello, particip\u00f3 en la ceremonia de entrega del reconocimiento al M\u00e9rito M\u00e9dico 2017 al destacado especialista mexicano en pol\u00edticas de la materia, Roberto Tapia Conyer.<\/p>\n<p>En el marco de la conmemoraci\u00f3n del D\u00eda del M\u00e9dico, que encabez\u00f3 el Presidente Enrique Pe\u00f1a Nieto, el mandatario yucateco atestigu\u00f3, junto con representantes del ramo de diversas entidades federativas, el otorgamiento de esa distinci\u00f3n al tambi\u00e9n director General de la Fundaci\u00f3n Carlos Slim.<\/p>\n<p>Ante los titulares de la Secretar\u00eda de Salud, Jos\u00e9 Narro Robles, y del Instituto Mexicano del Seguro Social (IMSS), Mikel Arriola Pe\u00f1alosa, Zapata Bello se uni\u00f3 al reconocimiento del jefe del Ejecutivo federal a las y los doctores por el auxilio y la atenci\u00f3n que brindaron a los damnificados de las recientes contingencias, y por haber prestado su servicio profesional en favor de quienes m\u00e1s lo necesitan.<\/p>\n<p>Al expresar que la naturaleza puso nuevamente a prueba el temple del pa\u00eds y, de manera muy especial, a las y los sanitaristas que respondieron con pasi\u00f3n, energ\u00eda y valent\u00eda, el destacado epidemi\u00f3logo resalt\u00f3 la labor de este sector, que fomenta el desarrollo humano a la vez que incrementa la eficiencia del sistema educativo y la productividad laboral, lo cual impacta en la econom\u00eda de las comunidades y las naciones.<\/p><\/p>\n","protected":false},"excerpt":{"rendered":"<p>En calidad de coordinador de la Comisi\u00f3n de Salud de la Conferencia Nacional de Gobernadores (Conago), el titular del Poder Ejecutivo de Yucat\u00e1n, Rola<\/p>\n","protected":false},"author":1018,"featured_media":0,"comment_status":"open","ping_status":"open","sticky":false,"template":"","format":"standard","meta":{"tdm_status":"","tdm_grid_status":"","footnotes":""},"categories":[21],"tags":[],"_links":{"self":[{"href":"https:\/\/dralvarez.com.mx\/larevista\/wp-json\/wp\/v2\/posts\/59404"}],"collection":[{"href":"https:\/\/dralvarez.com.mx\/larevista\/wp-json\/wp\/v2\/posts"}],"about":[{"href":"https:\/\/dralvarez.com.mx\/larevista\/wp-json\/wp\/v2\/types\/post"}],"author":[{"embeddable":true,"href":"https:\/\/dralvarez.com.mx\/larevista\/wp-json\/wp\/v2\/users\/1018"}],"replies":[{"embeddable":true,"href":"https:\/\/dralvarez.com.mx\/larevista\/wp-json\/wp\/v2\/comments?post=59404"}],"version-history":[{"count":0,"href":"https:\/\/dralvarez.com.mx\/larevista\/wp-json\/wp\/v2\/posts\/59404\/revisions"}],"wp:attachment":[{"href":"https:\/\/dralvarez.com.mx\/larevista\/wp-json\/wp\/v2\/media?parent=59404"}],"wp:term":[{"taxonomy":"category","embeddable":true,"href":"https:\/\/dralvarez.com.mx\/larevista\/wp-json\/wp\/v2\/categories?post=59404"},{"taxonomy":"post_tag","embeddable":true,"href":"https:\/\/dralvarez.com.mx\/larevista\/wp-json\/wp\/v2\/tags?post=59404"}],"curies":[{"name":"wp","href":"https:\/\/api.w.org\/{rel}","templated":true}]}}