{"id":59396,"date":"2017-10-23T00:00:00","date_gmt":"2017-10-23T06:00:00","guid":{"rendered":"https:\/\/dralvarez.com.mx\/larevista\/blog\/entrega-bachoco-a-dif-yucatan-tres-toneladas-de-alimentos-19014"},"modified":"2017-10-23T00:00:00","modified_gmt":"2017-10-23T06:00:00","slug":"entrega-bachoco-a-dif-yucatan-tres-toneladas-de-alimentos-19014","status":"publish","type":"post","link":"https:\/\/dralvarez.com.mx\/larevista\/yucatan\/entrega-bachoco-a-dif-yucatan-tres-toneladas-de-alimentos-19014","title":{"rendered":"Entrega Bachoco a DIF Yucat\u00e1n tres toneladas de alimentos"},"content":{"rendered":"<\/p>\n<p>M\u00e9rida, Yucat\u00e1n, 22 de<br \/>\noctubre de 2017.- Con m\u00e1s de 350 atletas comprometidos con el deporte y el<br \/>\nbienestar social de la entidad, se realiz\u00f3 la segunda Carrera Nacional<br \/>\n&#8220;Unidos por la alimentaci\u00f3n&#8221;, que organiz\u00f3 Grupo Bachoco para apoyar<br \/>\na beneficiarios de los programas del Sistema para el Desarrollo Integral de la<br \/>\nFamilia (DIF) estatal. <\/p>\n<p>Luego de marcar la salida de<br \/>\nla ruta de 10 kil\u00f3metros y la caminata de cinco, la Presidenta del<br \/>\nDIF Yucat\u00e1n, Sarita Blancarte de Zapata, recibi\u00f3 de manos del gerente de<br \/>\nla Unidad de Negocios de dicha empresa, Javier Barberena Quesada, el cheque<br \/>\nrepresentativo de tres mil kilos de v\u00edveres, que fueron recaudados durante el<br \/>\nregistro de las y los participantes. &nbsp; <\/p>\n<p>En el centro de Um\u00e1n, donde<br \/>\nse llev\u00f3 a cabo por segundo a\u00f1o consecutivo la justa deportiva, el director<br \/>\nGeneral del organismo de asistencia social, Jos\u00e9 Limber Sosa Lara, agradeci\u00f3 a<br \/>\nlos colaboradores del corporativo, quienes se sumaron a la actividad de integraci\u00f3n<br \/>\ny responsabilidad social, que le brindar\u00e1 a familias del sur de la entidad una<br \/>\ndespensa completa. &nbsp; <\/p>\n<p>&#8220;Estamos muy contentos<br \/>\nde iniciar este domingo familiar, con ustedes, que se han puesto la playera<br \/>\npara apoyar a las comunidades de nuestro Yucat\u00e1n. Nos vamos a coordinar con los<br \/>\ndirectivos de Bachoco para que juntos llevemos estos donativos a usuarios de<br \/>\nEspacios de Alimentaci\u00f3n, Encuentro y Desarrollo de Peto, Tzucacab y<br \/>\nChacsink\u00edn&#8221;, inform\u00f3 acompa\u00f1ado del gerente de Recursos Humanos de Bachoco,<br \/>\nSalvador Qui\u00f1ones L\u00f3pez. &nbsp;<\/p>\n<p>Luego de participar en el<br \/>\nrecorrido de cinco kil\u00f3metros, Blancarte de Zapata le entreg\u00f3 a los corredores,<br \/>\nque contaron con la seguridad necesaria y cuatro puntos de abastecimiento, su<br \/>\nmedalla al cruzar la meta de llegada. Los ganadores del primer sitio del<br \/>\ncircuito de 10 kil\u00f3metros, en categor\u00eda femenil y varonil fueron Areny del<br \/>\nRosario Estrada y Joaqu\u00edn Vivinaiz, respectivamente.&nbsp;&nbsp;<\/p><\/p>\n","protected":false},"excerpt":{"rendered":"<p>Lo recaudado en la segunda carrera nacional beneficiar\u00e1 a familias del sur de la entidad.<\/p>\n","protected":false},"author":1018,"featured_media":0,"comment_status":"open","ping_status":"open","sticky":false,"template":"","format":"standard","meta":{"tdm_status":"","tdm_grid_status":"","footnotes":""},"categories":[21],"tags":[],"_links":{"self":[{"href":"https:\/\/dralvarez.com.mx\/larevista\/wp-json\/wp\/v2\/posts\/59396"}],"collection":[{"href":"https:\/\/dralvarez.com.mx\/larevista\/wp-json\/wp\/v2\/posts"}],"about":[{"href":"https:\/\/dralvarez.com.mx\/larevista\/wp-json\/wp\/v2\/types\/post"}],"author":[{"embeddable":true,"href":"https:\/\/dralvarez.com.mx\/larevista\/wp-json\/wp\/v2\/users\/1018"}],"replies":[{"embeddable":true,"href":"https:\/\/dralvarez.com.mx\/larevista\/wp-json\/wp\/v2\/comments?post=59396"}],"version-history":[{"count":0,"href":"https:\/\/dralvarez.com.mx\/larevista\/wp-json\/wp\/v2\/posts\/59396\/revisions"}],"wp:attachment":[{"href":"https:\/\/dralvarez.com.mx\/larevista\/wp-json\/wp\/v2\/media?parent=59396"}],"wp:term":[{"taxonomy":"category","embeddable":true,"href":"https:\/\/dralvarez.com.mx\/larevista\/wp-json\/wp\/v2\/categories?post=59396"},{"taxonomy":"post_tag","embeddable":true,"href":"https:\/\/dralvarez.com.mx\/larevista\/wp-json\/wp\/v2\/tags?post=59396"}],"curies":[{"name":"wp","href":"https:\/\/api.w.org\/{rel}","templated":true}]}}