{"id":59395,"date":"2017-10-23T00:00:00","date_gmt":"2017-10-23T06:00:00","guid":{"rendered":"https:\/\/dralvarez.com.mx\/larevista\/blog\/abrir-espacios-para-la-planeacion-como-eje-del-crecimiento-pablo-gamboa-19013"},"modified":"2017-10-23T00:00:00","modified_gmt":"2017-10-23T06:00:00","slug":"abrir-espacios-para-la-planeacion-como-eje-del-crecimiento-pablo-gamboa-19013","status":"publish","type":"post","link":"https:\/\/dralvarez.com.mx\/larevista\/yucatan\/abrir-espacios-para-la-planeacion-como-eje-del-crecimiento-pablo-gamboa-19013","title":{"rendered":"\u201cAbrir espacios para la planeaci\u00f3n como eje del crecimiento\u201d, Pablo Gamboa"},"content":{"rendered":"<\/p>\n<p>\u201cTrabajo<br \/>\nconjunto, esfuerzos coordinados entre ciudadan\u00eda, servidores p\u00fablicos y la<br \/>\niniciativa privada han hecho posible la reindustrializaci\u00f3n de Yucat\u00e1n\u201d;<br \/>\ncoincidieron empresarios en el \u00e1rea de log\u00edstica y almacenamiento con Pablo<br \/>\nGamboa Miner.<\/p>\n<p>Tras el<br \/>\nrecorrido por las instalaciones de Grupo Gal Transporte y Almacenaje, su<br \/>\ndirector general, Alejandro Vargas P\u00e9rez, expres\u00f3 al Legislador federal que la<br \/>\nseguridad y calidad de vida que se tiene en el Estado se mantienen como<br \/>\nprincipales atractivos para las inversiones.<\/p>\n<p>A\u00f1adi\u00f3, que<br \/>\nla diferencia marcada por el Gobernador Rolando Zapata Bello para la<br \/>\nreactivaci\u00f3n econ\u00f3mica de la Entidad, tiene su fortaleza en la colaboraci\u00f3n, en<br \/>\ncompartir los objetivos de bienestar y crecimiento con legisladores,<br \/>\nsecretarios de Gobierno, mujeres y hombres de negocios, j\u00f3venes, la ciudadan\u00eda<br \/>\nen general.<\/p>\n<p>Por su<br \/>\nparte, Pablo Gamboa recalc\u00f3 que escuchar, abrir espacios para la planeaci\u00f3n de<br \/>\nlos programas de forma multidisciplinaria e involucrar a todos los sectores, es<br \/>\nel eje principal que debe guiar el desarrollo de Yucat\u00e1n.<\/p>\n<p>\u201cPorque los<br \/>\nespecialistas son ustedes, los grandes protagonistas de la transformaci\u00f3n y el<br \/>\ncrecimiento son las mujeres y hombres que d\u00eda a d\u00eda hacen que la econom\u00eda local<br \/>\nse mueva positivamente\u201d, destac\u00f3.<\/p>\n<p>Con su<br \/>\ncentro de operaciones en el kil\u00f3metro 46 del perif\u00e9rico poniente de M\u00e9rida, 25<br \/>\na\u00f1os de exitosa trayectoria, el yucateco Grupo Gal genera 650 empleos directos<br \/>\ny proporciona sus servicios a empresas de prestigio nacional e internacional.<\/p>\n<p>Por \u00faltimo,<br \/>\nPablo Gamboa y Alejandro Vargas compartieron que para los pr\u00f3ximos a\u00f1os el reto<br \/>\nser\u00e1 continuar atrayendo el capital internacional, preservar la seguridad, as\u00ed<br \/>\ncomo brindar las condiciones para el desarrollo de los proyectos empresariales<br \/>\nlocales.<\/p><\/p>\n","protected":false},"excerpt":{"rendered":"<p>* Grupo Gal destaca atractivos de Yucat\u00e1n para las inversiones.<br \/>\n* Iniciativa privada comparte con Pablo Gamboa, retos de le econom\u00eda estatal.<\/p>\n","protected":false},"author":1018,"featured_media":0,"comment_status":"open","ping_status":"open","sticky":false,"template":"","format":"standard","meta":{"tdm_status":"","tdm_grid_status":"","footnotes":""},"categories":[21],"tags":[],"_links":{"self":[{"href":"https:\/\/dralvarez.com.mx\/larevista\/wp-json\/wp\/v2\/posts\/59395"}],"collection":[{"href":"https:\/\/dralvarez.com.mx\/larevista\/wp-json\/wp\/v2\/posts"}],"about":[{"href":"https:\/\/dralvarez.com.mx\/larevista\/wp-json\/wp\/v2\/types\/post"}],"author":[{"embeddable":true,"href":"https:\/\/dralvarez.com.mx\/larevista\/wp-json\/wp\/v2\/users\/1018"}],"replies":[{"embeddable":true,"href":"https:\/\/dralvarez.com.mx\/larevista\/wp-json\/wp\/v2\/comments?post=59395"}],"version-history":[{"count":0,"href":"https:\/\/dralvarez.com.mx\/larevista\/wp-json\/wp\/v2\/posts\/59395\/revisions"}],"wp:attachment":[{"href":"https:\/\/dralvarez.com.mx\/larevista\/wp-json\/wp\/v2\/media?parent=59395"}],"wp:term":[{"taxonomy":"category","embeddable":true,"href":"https:\/\/dralvarez.com.mx\/larevista\/wp-json\/wp\/v2\/categories?post=59395"},{"taxonomy":"post_tag","embeddable":true,"href":"https:\/\/dralvarez.com.mx\/larevista\/wp-json\/wp\/v2\/tags?post=59395"}],"curies":[{"name":"wp","href":"https:\/\/api.w.org\/{rel}","templated":true}]}}