{"id":59394,"date":"2017-10-23T00:00:00","date_gmt":"2017-10-23T06:00:00","guid":{"rendered":"https:\/\/dralvarez.com.mx\/larevista\/blog\/jovenes-debaten-sobre-la-realidad-mexicana-19012"},"modified":"2017-10-23T00:00:00","modified_gmt":"2017-10-23T06:00:00","slug":"jovenes-debaten-sobre-la-realidad-mexicana-19012","status":"publish","type":"post","link":"https:\/\/dralvarez.com.mx\/larevista\/yucatan\/jovenes-debaten-sobre-la-realidad-mexicana-19012","title":{"rendered":"J\u00f3venes debaten sobre la realidad mexicana"},"content":{"rendered":"<\/p>\n<p>Expresiones<br \/>\ny reflexiones sobre la corrupci\u00f3n, las candidaturas independientes, la equidad<br \/>\nde g\u00e9nero, el sistema penal acusatorio oral, la inclusi\u00f3n y los derechos<br \/>\nhumanos, pudieron escucharse en la final estatal del Concurso Nacional Juvenil<br \/>\nde Debate Pol\u00edtico, organizado por el Instituto Mexicano de la Juventud<br \/>\n(Imjuve) y el Instituto Nacional Electoral (INE). <\/p>\n<p>Con el apoyo<br \/>\nde la Secretar\u00eda de la Juventud de la entidad (Sejuve), que organiz\u00f3 el<br \/>\ncertamen en el territorio, los cuatro ganadores estar\u00e1n en la final en Taxco,<br \/>\nGuerrero, del 27 al 30 de noviembre de este a\u00f1o. <\/p>\n<p>\u201cInteresados<br \/>\ny activos en los temas de su comunidad, oradores de entre 14 y 29 a\u00f1os<br \/>\nrepresentar\u00e1n a Yucat\u00e1n para defender su postura acerca de la agenda nacional y<br \/>\nlocal\u201d, expres\u00f3 Luis Enrique Borjas Romero, titular de la de dependencia<br \/>\nestatal. <\/p>\n<p>Adem\u00e1s,<br \/>\ndestac\u00f3 el entusiasmo y dedicaci\u00f3n de los j\u00f3venes, pues atentos a los temas de<br \/>\nrelevancia para Yucat\u00e1n y M\u00e9xico, pueden manifestar y poner en pr\u00e1ctica sus<br \/>\nopiniones.<\/p>\n<p>Gabriel<br \/>\nAguayo D\u00edaz, Anat Medina Mizrahi, Anaid Espinoza Castel\u00e1n y \u00c1ngel Torruco<br \/>\nGonz\u00e1lez, son quienes representar\u00e1n al estado en el foro de expresi\u00f3n nacional<br \/>\nque buscan impulsar la discusi\u00f3n informada de temas p\u00fablicos, con el prop\u00f3sito<br \/>\nde aportar al desarrollo de capacidades a favor de su participaci\u00f3n<br \/>\ndemocr\u00e1tica.<\/p><\/p>\n","protected":false},"excerpt":{"rendered":"<p>Interesados en lo que sucede en su comunidad, cuatro oradores representar\u00e1n al estado en Concurso.<\/p>\n","protected":false},"author":1018,"featured_media":0,"comment_status":"open","ping_status":"open","sticky":false,"template":"","format":"standard","meta":{"tdm_status":"","tdm_grid_status":"","footnotes":""},"categories":[21],"tags":[],"_links":{"self":[{"href":"https:\/\/dralvarez.com.mx\/larevista\/wp-json\/wp\/v2\/posts\/59394"}],"collection":[{"href":"https:\/\/dralvarez.com.mx\/larevista\/wp-json\/wp\/v2\/posts"}],"about":[{"href":"https:\/\/dralvarez.com.mx\/larevista\/wp-json\/wp\/v2\/types\/post"}],"author":[{"embeddable":true,"href":"https:\/\/dralvarez.com.mx\/larevista\/wp-json\/wp\/v2\/users\/1018"}],"replies":[{"embeddable":true,"href":"https:\/\/dralvarez.com.mx\/larevista\/wp-json\/wp\/v2\/comments?post=59394"}],"version-history":[{"count":0,"href":"https:\/\/dralvarez.com.mx\/larevista\/wp-json\/wp\/v2\/posts\/59394\/revisions"}],"wp:attachment":[{"href":"https:\/\/dralvarez.com.mx\/larevista\/wp-json\/wp\/v2\/media?parent=59394"}],"wp:term":[{"taxonomy":"category","embeddable":true,"href":"https:\/\/dralvarez.com.mx\/larevista\/wp-json\/wp\/v2\/categories?post=59394"},{"taxonomy":"post_tag","embeddable":true,"href":"https:\/\/dralvarez.com.mx\/larevista\/wp-json\/wp\/v2\/tags?post=59394"}],"curies":[{"name":"wp","href":"https:\/\/api.w.org\/{rel}","templated":true}]}}