{"id":59391,"date":"2017-10-23T00:00:00","date_gmt":"2017-10-23T06:00:00","guid":{"rendered":"https:\/\/dralvarez.com.mx\/larevista\/blog\/tizimin-sede-de-tianguis-filantropico-2017-19008"},"modified":"2017-10-23T00:00:00","modified_gmt":"2017-10-23T06:00:00","slug":"tizimin-sede-de-tianguis-filantropico-2017-19008","status":"publish","type":"post","link":"https:\/\/dralvarez.com.mx\/larevista\/yucatan\/tizimin-sede-de-tianguis-filantropico-2017-19008","title":{"rendered":"Tizim\u00edn, sede de Tianguis Filantr\u00f3pico 2017"},"content":{"rendered":"<\/p>\n<p>Con la<br \/>\nparticipaci\u00f3n de 43 Organizaciones de la Sociedad Civil se inaugur\u00f3 el Primer<br \/>\nTianguis Filantr\u00f3pico 2017 de Tizim\u00edn y la Regi\u00f3n Oriente de Yucat\u00e1n.<\/p>\n<p>Con la<br \/>\nrepresentaci\u00f3n del Gobernador Rolando Zapata Bello, el titular de la Secretar\u00eda<br \/>\nde Desarrollo Social (Sedesol), Mauricio Sahu\u00ed Rivero puso en marcha las<br \/>\nactividades que promueven el acercamiento de los tres sectores: social, sector<br \/>\np\u00fablico y privado.<\/p>\n<p>As\u00ed como<br \/>\norganismos que pudieran colaborar como benefactores en apoyo a las diferentes<br \/>\ncausas para las que trabajan y darles la certeza de que los recursos que se<br \/>\nobtienen son utilizados de manera correcta y con transparencia.<\/p>\n<p>\u201cHoy vemos<br \/>\nc\u00f3mo m\u00e1s organismos se suman a realizar una loable labor para generar el<br \/>\nbienestar de quienes m\u00e1s lo necesitan y este nivel de conciencia que ha tenido<br \/>\nel pueblo yucateco por muchos a\u00f1os es el reflejo de que las personas tienen un<br \/>\nesp\u00edritu solidario y de responsabilidad social y que de manera voluntaria<br \/>\ntrabajan a favor de los m\u00e1s vulnerables\u201d, puntualiz\u00f3.<\/p>\n<p>Indic\u00f3 que<br \/>\nel Gobierno del Estado emprende una ardua labor en la pol\u00edtica social, que<br \/>\nrinde mayores frutos al trabajar en unidad con la sociedad civil organizada.<\/p>\n<p>\u201cEl trabajo<br \/>\nque se realice desde la administraci\u00f3n p\u00fablica en materia de desarrollo social<br \/>\nnunca ser\u00e1 suficiente, por eso necesitamos de manos amigas, de todos estos<br \/>\norganismos que con entusiasmo y demostrando su responsabilidad social caminamos<br \/>\njuntos para mantener el rumbo de Yucat\u00e1n en la construcci\u00f3n de una mejor<br \/>\ncalidad de vida para todos\u201d, expres\u00f3.<\/p>\n<p>En su<br \/>\nintervenci\u00f3n, el presidente del Consejo de Organizaciones Civiles del Litoral<br \/>\nOriente, Julio Enrique Llanes G\u00f3mez, se\u00f1al\u00f3 que este tianguis les llena de<br \/>\nmotivaci\u00f3n porque se promueven los valores solidarios, filantrop\u00eda, responsabilidad,<br \/>\nalianza y desarrollo social.<\/p>\n<p>\u201cTodos estos<br \/>\nson conceptos que deber\u00e1n ir marcando nuestro futuro como sociedad. Valoramos<br \/>\nla presencia del sector p\u00fablico en esta fiesta que fortalece al tercer sector<br \/>\nde Tizim\u00edn y la regi\u00f3n litoral oriente\u201d, enfatiz\u00f3.<\/p>\n<p>Como parte<br \/>\ndel evento, Sahu\u00ed Rivero, acompa\u00f1ado del alcalde, Jorge Alberto Vales Traconis;<br \/>\nla directora de la Japey, Bertha Alicia Rosado Rodr\u00edguez; el alcalde de Espita,<br \/>\nMarcelino Canul Canul, entre otros, recorri\u00f3 la muestra de las instituciones participantes<br \/>\nque se realiz\u00f3 en los bajos del Palacio Municipal para dar a conocer su<br \/>\nfunci\u00f3n.<\/p>\n<p>Asimismo<br \/>\nparticip\u00f3 en la primera de cuatro mesas panel que se llevaron a cabo como parte<br \/>\nde la jornada.<\/p>\n<p>Con el tema<br \/>\n\u201cLa responsabilidad social no como opci\u00f3n, si no como un compromiso de todos\u201d,<br \/>\nel titular de la Sedesol, explic\u00f3 que si bien el concepto de responsabilidad<br \/>\nsocial implica la observancia de las medidas que promuevan la transparencia al<br \/>\ninterior de las organizaciones, no es su \u00fanica caracter\u00edstica.<\/p>\n<p>\u201cInvolucra<br \/>\nel compromiso de individuos y organizaciones para con la sociedad, expresando<br \/>\nun genuino inter\u00e9s en resolver los problemas de la comunidad.  En la<br \/>\nmedida que fomentemos la filantrop\u00eda como responsabilidad social, es la medida<br \/>\nen la que estaremos alcanzando nuestro ideal como ser humano\u201d, subray\u00f3.<\/p><\/p>\n","protected":false},"excerpt":{"rendered":"<p>Responsabilidad social y generosidad: Mauricio Sahu\u00ed.<\/p>\n","protected":false},"author":1018,"featured_media":0,"comment_status":"open","ping_status":"open","sticky":false,"template":"","format":"standard","meta":{"tdm_status":"","tdm_grid_status":"","footnotes":""},"categories":[21],"tags":[],"_links":{"self":[{"href":"https:\/\/dralvarez.com.mx\/larevista\/wp-json\/wp\/v2\/posts\/59391"}],"collection":[{"href":"https:\/\/dralvarez.com.mx\/larevista\/wp-json\/wp\/v2\/posts"}],"about":[{"href":"https:\/\/dralvarez.com.mx\/larevista\/wp-json\/wp\/v2\/types\/post"}],"author":[{"embeddable":true,"href":"https:\/\/dralvarez.com.mx\/larevista\/wp-json\/wp\/v2\/users\/1018"}],"replies":[{"embeddable":true,"href":"https:\/\/dralvarez.com.mx\/larevista\/wp-json\/wp\/v2\/comments?post=59391"}],"version-history":[{"count":0,"href":"https:\/\/dralvarez.com.mx\/larevista\/wp-json\/wp\/v2\/posts\/59391\/revisions"}],"wp:attachment":[{"href":"https:\/\/dralvarez.com.mx\/larevista\/wp-json\/wp\/v2\/media?parent=59391"}],"wp:term":[{"taxonomy":"category","embeddable":true,"href":"https:\/\/dralvarez.com.mx\/larevista\/wp-json\/wp\/v2\/categories?post=59391"},{"taxonomy":"post_tag","embeddable":true,"href":"https:\/\/dralvarez.com.mx\/larevista\/wp-json\/wp\/v2\/tags?post=59391"}],"curies":[{"name":"wp","href":"https:\/\/api.w.org\/{rel}","templated":true}]}}